{"id":10491,"date":"2022-03-16T13:04:12","date_gmt":"2022-03-16T12:04:12","guid":{"rendered":"https:\/\/agora.xtec.cat\/esc-teresabergada\/?p=10491"},"modified":"2022-07-11T10:30:20","modified_gmt":"2022-07-11T08:30:20","slug":"projecte-de-lunivers","status":"publish","type":"post","link":"https:\/\/agora.xtec.cat\/esc-teresabergada\/general\/projecte-de-lunivers\/","title":{"rendered":"Projecte de l&#8217;Univers"},"content":{"rendered":"<p>Els nens i nenes de Cicle Mitj\u00e0 donem per finalitzat el primer projecte de medi d&#8217;enguany: L&#8217;Univers.<\/p>\n<p>Hem estat treballant des de l&#8217;inici de curs fins al febrer, i ens hem convertit en experts en estrelles, gal\u00e0xies i, sobretot en el nostre Sistema solar, que forma part de la Via L\u00e0ctia. Hem llegit not\u00edcies, hem visionat molts v\u00eddeos, hem explorat, hem escoltat experts, hem cercat i contrastat informaci\u00f3 &#8230; i, sobretot, hem apr\u00e8s molt! Ara sabem curiositats sobre els planetes del Sistema Solar que no sab\u00edem, els moviments del planeta Terra i les fases de la Lluna, entre altres coses.<\/p>\n<p>Si cliqueu als enlla\u00e7os, podreu veure la presentaci\u00f3 del projecte de cada grup classe. El proper curs esperem fer-vos l&#8217;exposici\u00f3 en directe.<\/p>\n<table style=\"border-collapse: collapse;width: 100%;height: 165px\">\n<tbody>\n<tr style=\"height: 143px\">\n<td style=\"width: 25%;height: 143px\"><a href=\"https:\/\/photos.app.goo.gl\/NzBSFfsZxwFvxFHr7\"><img loading=\"lazy\" decoding=\"async\" class=\"aligncenter wp-image-10527 size-medium\" src=\"https:\/\/agora.xtec.cat\/esc-teresabergada\/wp-content\/uploads\/usu1533\/2022\/03\/planetes4-300x228.png\" alt=\"\" width=\"300\" height=\"228\" srcset=\"https:\/\/agora.xtec.cat\/esc-teresabergada\/wp-content\/uploads\/usu1533\/2022\/03\/planetes4-300x228.png 300w, https:\/\/agora.xtec.cat\/esc-teresabergada\/wp-content\/uploads\/usu1533\/2022\/03\/planetes4.png 406w\" sizes=\"auto, (max-width: 300px) 100vw, 300px\" \/><\/a><\/td>\n<td style=\"width: 25%;height: 143px\"><a href=\"https:\/\/photos.app.goo.gl\/8T2vJsYRhG5Z4zJW7\"><img loading=\"lazy\" decoding=\"async\" class=\"aligncenter wp-image-10526\" src=\"https:\/\/agora.xtec.cat\/esc-teresabergada\/wp-content\/uploads\/usu1533\/2022\/03\/PLANETES2-300x300.png\" alt=\"\" width=\"125\" height=\"125\" srcset=\"https:\/\/agora.xtec.cat\/esc-teresabergada\/wp-content\/uploads\/usu1533\/2022\/03\/PLANETES2-300x300.png 300w, https:\/\/agora.xtec.cat\/esc-teresabergada\/wp-content\/uploads\/usu1533\/2022\/03\/PLANETES2-150x150.png 150w, https:\/\/agora.xtec.cat\/esc-teresabergada\/wp-content\/uploads\/usu1533\/2022\/03\/PLANETES2.png 358w\" sizes=\"auto, (max-width: 125px) 100vw, 125px\" \/><\/a><\/td>\n<td style=\"width: 25%;height: 143px\"><a href=\"https:\/\/photos.app.goo.gl\/DgXA7nJEw7ooiQvL8\"><img loading=\"lazy\" decoding=\"async\" class=\"aligncenter wp-image-10525\" src=\"https:\/\/agora.xtec.cat\/esc-teresabergada\/wp-content\/uploads\/usu1533\/2022\/03\/planetes1-300x252.png\" alt=\"\" width=\"148\" height=\"125\" srcset=\"https:\/\/agora.xtec.cat\/esc-teresabergada\/wp-content\/uploads\/usu1533\/2022\/03\/planetes1-300x252.png 300w, https:\/\/agora.xtec.cat\/esc-teresabergada\/wp-content\/uploads\/usu1533\/2022\/03\/planetes1.png 366w\" sizes=\"auto, (max-width: 148px) 100vw, 148px\" \/><\/a><\/td>\n<td style=\"width: 25%;height: 143px\"><a href=\"https:\/\/photos.app.goo.gl\/JNZiSmhBEtUFHwtZ9\"><img loading=\"lazy\" decoding=\"async\" class=\"aligncenter wp-image-10524\" src=\"https:\/\/agora.xtec.cat\/esc-teresabergada\/wp-content\/uploads\/usu1533\/2022\/03\/PLANETE3-300x287.png\" alt=\"\" width=\"134\" height=\"128\" srcset=\"https:\/\/agora.xtec.cat\/esc-teresabergada\/wp-content\/uploads\/usu1533\/2022\/03\/PLANETE3-300x287.png 300w, https:\/\/agora.xtec.cat\/esc-teresabergada\/wp-content\/uploads\/usu1533\/2022\/03\/PLANETE3.png 355w\" sizes=\"auto, (max-width: 134px) 100vw, 134px\" \/><\/a><\/td>\n<\/tr>\n<tr style=\"height: 22px\">\n<td style=\"width: 25%;text-align: center;height: 22px\"><a href=\"https:\/\/photos.app.goo.gl\/NzBSFfsZxwFvxFHr7\">TERCER A<\/a><\/td>\n<td style=\"width: 25%;text-align: center;height: 22px\"><a href=\"https:\/\/photos.app.goo.gl\/8T2vJsYRhG5Z4zJW7\">TERCER B<\/a><\/td>\n<td style=\"width: 25%;text-align: center;height: 22px\"><a href=\"https:\/\/photos.app.goo.gl\/DgXA7nJEw7ooiQvL8\">QUART A<\/a><\/td>\n<td style=\"width: 25%;text-align: center;height: 22px\"><a href=\"https:\/\/photos.app.goo.gl\/JNZiSmhBEtUFHwtZ9\">QUART B<\/a><\/td>\n<\/tr>\n<\/tbody>\n<\/table>\n<p>&nbsp;<\/p>\n<p><span style=\"font-weight: 400\">El treball per projectes fomenta un aprenentatge aut\u00e8ntic perqu\u00e8 els aprenents contextualitzen all\u00f2 que aprenen, descobreixen el m\u00f3n en companyia dels altres, s\u2019enfronten al desafiament de plantejar i resoldre problemes reals, dirigeixen la seva pr\u00f2pia indagaci\u00f3 i se sorprenen del seu propi aprenentatge. Les i els mestres confiem en l\u2019alumnat i els cedim el protagonisme per fomentar la seva autonomia.<\/span><\/p>\n<p><span style=\"font-weight: 400\">Com afirma Fernando Hern\u00e1ndez, <\/span><i><span style=\"font-weight: 400\">\u201cL\u2019educaci\u00f3 \u00e9s una experi\u00e8ncia de vida. No \u00e9s nom\u00e9s una experi\u00e8ncia per preparar per a la vida\u201d.<\/span><\/i><\/p>\n<p>&nbsp;<\/p>\n","protected":false},"excerpt":{"rendered":"<p>Els nens i nenes de Cicle Mitj\u00e0 donem per finalitzat el primer projecte de medi d&#8217;enguany: L&#8217;Univers.<br \/>\nHem estat treballant des de l&#8217;inici de curs fins al febrer, i ens hem convertit en experts en estrelles, gal\u00e0xies i, sobretot en el nostre Sistema solar, que forma&hellip;  <a href=\"https:\/\/agora.xtec.cat\/esc-teresabergada\/general\/projecte-de-lunivers\/\" title=\"Read Projecte de l&#8217;Univers\">Llegeix m\u00e9s\u00bb<\/a><\/p>\n","protected":false},"author":37,"featured_media":10529,"comment_status":"open","ping_status":"closed","sticky":false,"template":"","format":"standard","meta":{"_bbp_topic_count":0,"_bbp_reply_count":0,"_bbp_total_topic_count":0,"_bbp_total_reply_count":0,"_bbp_voice_count":0,"_bbp_anonymous_reply_count":0,"_bbp_topic_count_hidden":0,"_bbp_reply_count_hidden":0,"_bbp_forum_subforum_count":0,"footnotes":""},"categories":[238,250,1],"tags":[439,76,608,70,607],"class_list":["post-10491","post","type-post","status-publish","format-standard","has-post-thumbnail","hentry","category-3r","category-4t","category-general","tag-cicle-mitja","tag-exposicio","tag-exposicio-families","tag-projecte","tag-projecte-univers"],"post_mailing_queue_ids":[],"_links":{"self":[{"href":"https:\/\/agora.xtec.cat\/esc-teresabergada\/wp-json\/wp\/v2\/posts\/10491","targetHints":{"allow":["GET"]}}],"collection":[{"href":"https:\/\/agora.xtec.cat\/esc-teresabergada\/wp-json\/wp\/v2\/posts"}],"about":[{"href":"https:\/\/agora.xtec.cat\/esc-teresabergada\/wp-json\/wp\/v2\/types\/post"}],"author":[{"embeddable":true,"href":"https:\/\/agora.xtec.cat\/esc-teresabergada\/wp-json\/wp\/v2\/users\/37"}],"replies":[{"embeddable":true,"href":"https:\/\/agora.xtec.cat\/esc-teresabergada\/wp-json\/wp\/v2\/comments?post=10491"}],"version-history":[{"count":4,"href":"https:\/\/agora.xtec.cat\/esc-teresabergada\/wp-json\/wp\/v2\/posts\/10491\/revisions"}],"predecessor-version":[{"id":10528,"href":"https:\/\/agora.xtec.cat\/esc-teresabergada\/wp-json\/wp\/v2\/posts\/10491\/revisions\/10528"}],"wp:featuredmedia":[{"embeddable":true,"href":"https:\/\/agora.xtec.cat\/esc-teresabergada\/wp-json\/wp\/v2\/media\/10529"}],"wp:attachment":[{"href":"https:\/\/agora.xtec.cat\/esc-teresabergada\/wp-json\/wp\/v2\/media?parent=10491"}],"wp:term":[{"taxonomy":"category","embeddable":true,"href":"https:\/\/agora.xtec.cat\/esc-teresabergada\/wp-json\/wp\/v2\/categories?post=10491"},{"taxonomy":"post_tag","embeddable":true,"href":"https:\/\/agora.xtec.cat\/esc-teresabergada\/wp-json\/wp\/v2\/tags?post=10491"}],"curies":[{"name":"wp","href":"https:\/\/api.w.org\/{rel}","templated":true}]}}