{"id":10469,"date":"2022-03-15T13:32:37","date_gmt":"2022-03-15T12:32:37","guid":{"rendered":"https:\/\/agora.xtec.cat\/esc-teresabergada\/?p=10469"},"modified":"2022-07-11T11:36:41","modified_gmt":"2022-07-11T09:36:41","slug":"cda-la-garrotxa","status":"publish","type":"post","link":"https:\/\/agora.xtec.cat\/esc-teresabergada\/blocs-de-primaria\/6e\/cda-la-garrotxa\/","title":{"rendered":"CdA LA GARROTXA"},"content":{"rendered":"<p style=\"text-align: justify;\">Els dies 8,9,10 i 11 els alumnes de cicle superior hem anat de col\u00f2nies a Olot, all\u00ed hem pogut observar la gran riquesa del paisatge, tot envoltats de volcans i de molta vegetaci\u00f3. De ben segur ens ha servit de gran ajuda per poder comen\u00e7ar el nostre proper projecte, el de la Terra.<\/p>\n<p><img loading=\"lazy\" decoding=\"async\" class=\"alignnone size-large wp-image-10478\" src=\"https:\/\/agora.xtec.cat\/esc-teresabergada\/wp-content\/uploads\/usu1533\/2022\/03\/IMG_20220315_125656-1024x257.jpg\" alt=\"\" width=\"1024\" height=\"257\" \/><\/p>\n<p style=\"text-align: justify;\">Hem fet molt\u00edssimes activitats a trav\u00e9s del camp d&#8217;aprenentatge de la Garrotxa, amb la Susanna, el Romero i la Laura.<\/p>\n<ul style=\"text-align: justify;\">\n<li><strong>Descoberta d&#8217;Olot:<\/strong> on a trav\u00e9s d&#8217;un mapa hem buscat els llocs m\u00e9s emblem\u00e0tics de la ciutat.<\/li>\n<li><strong>Volc\u00e0 Montsacopa:<\/strong> all\u00ed hem apr\u00e8s a fer una lectura del paisatge que ens envoltava.<\/li>\n<li><strong>Espai cr\u00e0ter:<\/strong> al museu hem descobert a trav\u00e9s de v\u00eddeos, maquetes i material manipulatiu moltes curiositats sobre els volcans.<\/li>\n<li><strong>Volc\u00e0 Croscat:<\/strong> gr\u00e0cies al volc\u00e0 hem vist les diferents caracter\u00edstiques i hem entrat al seu cr\u00e0ter.<\/li>\n<li><strong>Fageda d&#8217;en Jord\u00e0:<\/strong>\u00a0 hem caminat, descobert i relaxat en un espai natural.<\/li>\n<li><strong>Colades de lava:<\/strong> hem pogut veure i entendre com es comporta la lava.<\/li>\n<li><strong>Castellfollit de la roca:<\/strong> per on hem passejat i gaudit dels encants d&#8217;aquesta petita poblaci\u00f3.<\/li>\n<\/ul>\n<p style=\"text-align: justify;\">A l&#8217;Alberg Torre Malagrida hem pogut compartir moltes estones de joc i de conviv\u00e8ncia, la qual cosa ha fet que augmenti el vincle amb els companys i les companyes.<\/p>\n<p style=\"text-align: justify;\">Ha estat una experi\u00e8ncia molt enriquidora, sens dubte perdurar\u00e0 per molt temps en el nostre record.<\/p>\n<p>&nbsp;<\/p>\n<p style=\"text-align: right;\"><strong>Cicle Superior<\/strong><\/p>\n<p>&nbsp;<\/p>\n","protected":false},"excerpt":{"rendered":"<p>Els dies 8,9,10 i 11 els alumnes de cicle superior hem anat de col\u00f2nies a Olot, all\u00ed hem pogut observar la gran riquesa del paisatge, tot envoltats de volcans i de molta vegetaci\u00f3. De ben segur ens ha servit de gran ajuda per poder comen\u00e7ar&hellip;  <a href=\"https:\/\/agora.xtec.cat\/esc-teresabergada\/blocs-de-primaria\/6e\/cda-la-garrotxa\/\" title=\"Read CdA LA GARROTXA\">Llegeix m\u00e9s\u00bb<\/a><\/p>\n","protected":false},"author":1,"featured_media":0,"comment_status":"open","ping_status":"closed","sticky":false,"template":"","format":"standard","meta":{"_bbp_topic_count":0,"_bbp_reply_count":0,"_bbp_total_topic_count":0,"_bbp_total_reply_count":0,"_bbp_voice_count":0,"_bbp_anonymous_reply_count":0,"_bbp_topic_count_hidden":0,"_bbp_reply_count_hidden":0,"_bbp_forum_subforum_count":0,"footnotes":""},"categories":[349,240],"tags":[],"class_list":["post-10469","post","type-post","status-publish","format-standard","hentry","category-5e","category-6e"],"post_mailing_queue_ids":[],"_links":{"self":[{"href":"https:\/\/agora.xtec.cat\/esc-teresabergada\/wp-json\/wp\/v2\/posts\/10469","targetHints":{"allow":["GET"]}}],"collection":[{"href":"https:\/\/agora.xtec.cat\/esc-teresabergada\/wp-json\/wp\/v2\/posts"}],"about":[{"href":"https:\/\/agora.xtec.cat\/esc-teresabergada\/wp-json\/wp\/v2\/types\/post"}],"author":[{"embeddable":true,"href":"https:\/\/agora.xtec.cat\/esc-teresabergada\/wp-json\/wp\/v2\/users\/1"}],"replies":[{"embeddable":true,"href":"https:\/\/agora.xtec.cat\/esc-teresabergada\/wp-json\/wp\/v2\/comments?post=10469"}],"version-history":[{"count":3,"href":"https:\/\/agora.xtec.cat\/esc-teresabergada\/wp-json\/wp\/v2\/posts\/10469\/revisions"}],"predecessor-version":[{"id":10906,"href":"https:\/\/agora.xtec.cat\/esc-teresabergada\/wp-json\/wp\/v2\/posts\/10469\/revisions\/10906"}],"wp:attachment":[{"href":"https:\/\/agora.xtec.cat\/esc-teresabergada\/wp-json\/wp\/v2\/media?parent=10469"}],"wp:term":[{"taxonomy":"category","embeddable":true,"href":"https:\/\/agora.xtec.cat\/esc-teresabergada\/wp-json\/wp\/v2\/categories?post=10469"},{"taxonomy":"post_tag","embeddable":true,"href":"https:\/\/agora.xtec.cat\/esc-teresabergada\/wp-json\/wp\/v2\/tags?post=10469"}],"curies":[{"name":"wp","href":"https:\/\/api.w.org\/{rel}","templated":true}]}}