{"id":10457,"date":"2022-04-01T12:08:43","date_gmt":"2022-04-01T10:08:43","guid":{"rendered":"https:\/\/agora.xtec.cat\/esc-teresabergada\/?p=10457"},"modified":"2022-07-11T11:32:53","modified_gmt":"2022-07-11T09:32:53","slug":"el-carnaval","status":"publish","type":"post","link":"https:\/\/agora.xtec.cat\/esc-teresabergada\/blocs-de-primaria\/6e\/el-carnaval\/","title":{"rendered":"C A R N A V A L"},"content":{"rendered":"<p style=\"text-align: justify;\">Aquesta setmana vam poder preparar les consignes de Carnaval amb tots els alumnes de sis\u00e8 A i B.<\/p>\n<p style=\"text-align: justify;\">Les ordres que van sortir escollides van ser:<\/p>\n<p style=\"text-align: justify;\">&#8211;<strong><em>Dimarts:<\/em> <\/strong>El dimarts s&#8217;havia de portar un accessori al cap: barret, corona, orelles&#8230;<\/p>\n<p style=\"text-align: justify;\"><strong><em>-Dimecres:<\/em><\/strong> El dimecres hav\u00edem de portar unes ulleres: de sol, de nataci\u00f3, d&#8217;esqu\u00ed, pintades&#8230;<\/p>\n<p style=\"text-align: justify;\"><strong><em>-Dijous:<\/em><\/strong> El dijous va ser molt divertit perqu\u00e8 pod\u00edem portar el pijama! Aix\u00ed vam poder veure<\/p>\n<p style=\"text-align: justify;\">els pijames que portaven els altres companys de classe.<\/p>\n<p style=\"text-align: justify;\"><strong><em>-Divendres:<\/em><\/strong> \u00c9s el que m\u00e9s em va agradar perqu\u00e8 vam poder portar disfresses de tota mena.<\/p>\n<p>El divendres de Carnaval, vam poder gaudir d&#8217;una bona desfilada de disfresses!<\/p>\n<p>Alejandro Lid\u00f3n Villagordo<\/p>\n","protected":false},"excerpt":{"rendered":"<p>Aquesta setmana vam poder preparar les consignes de Carnaval amb tots els alumnes de sis\u00e8 A i B.<br \/>\nLes ordres que van sortir escollides van ser:<br \/>\n&#8211;Dimarts: El dimarts s&#8217;havia de portar un accessori al cap: barret, corona, orelles&#8230;<br \/>\n-Dimecres: El dimecres hav\u00edem de portar unes ulleres: de&hellip;  <a href=\"https:\/\/agora.xtec.cat\/esc-teresabergada\/blocs-de-primaria\/6e\/el-carnaval\/\" title=\"Read C A R N A V A L\">Llegeix m\u00e9s\u00bb<\/a><\/p>\n","protected":false},"author":28,"featured_media":0,"comment_status":"open","ping_status":"closed","sticky":false,"template":"","format":"standard","meta":{"_bbp_topic_count":0,"_bbp_reply_count":0,"_bbp_total_topic_count":0,"_bbp_total_reply_count":0,"_bbp_voice_count":0,"_bbp_anonymous_reply_count":0,"_bbp_topic_count_hidden":0,"_bbp_reply_count_hidden":0,"_bbp_forum_subforum_count":0,"footnotes":""},"categories":[240],"tags":[],"class_list":["post-10457","post","type-post","status-publish","format-standard","hentry","category-6e"],"post_mailing_queue_ids":[],"_links":{"self":[{"href":"https:\/\/agora.xtec.cat\/esc-teresabergada\/wp-json\/wp\/v2\/posts\/10457","targetHints":{"allow":["GET"]}}],"collection":[{"href":"https:\/\/agora.xtec.cat\/esc-teresabergada\/wp-json\/wp\/v2\/posts"}],"about":[{"href":"https:\/\/agora.xtec.cat\/esc-teresabergada\/wp-json\/wp\/v2\/types\/post"}],"author":[{"embeddable":true,"href":"https:\/\/agora.xtec.cat\/esc-teresabergada\/wp-json\/wp\/v2\/users\/28"}],"replies":[{"embeddable":true,"href":"https:\/\/agora.xtec.cat\/esc-teresabergada\/wp-json\/wp\/v2\/comments?post=10457"}],"version-history":[{"count":3,"href":"https:\/\/agora.xtec.cat\/esc-teresabergada\/wp-json\/wp\/v2\/posts\/10457\/revisions"}],"predecessor-version":[{"id":10903,"href":"https:\/\/agora.xtec.cat\/esc-teresabergada\/wp-json\/wp\/v2\/posts\/10457\/revisions\/10903"}],"wp:attachment":[{"href":"https:\/\/agora.xtec.cat\/esc-teresabergada\/wp-json\/wp\/v2\/media?parent=10457"}],"wp:term":[{"taxonomy":"category","embeddable":true,"href":"https:\/\/agora.xtec.cat\/esc-teresabergada\/wp-json\/wp\/v2\/categories?post=10457"},{"taxonomy":"post_tag","embeddable":true,"href":"https:\/\/agora.xtec.cat\/esc-teresabergada\/wp-json\/wp\/v2\/tags?post=10457"}],"curies":[{"name":"wp","href":"https:\/\/api.w.org\/{rel}","templated":true}]}}