{"id":10449,"date":"2022-03-13T11:52:35","date_gmt":"2022-03-13T10:52:35","guid":{"rendered":"https:\/\/agora.xtec.cat\/esc-teresabergada\/?p=10449"},"modified":"2022-07-11T11:37:02","modified_gmt":"2022-07-11T09:37:02","slug":"carnestoltes-4","status":"publish","type":"post","link":"https:\/\/agora.xtec.cat\/esc-teresabergada\/blocs-de-primaria\/6e\/carnestoltes-4\/","title":{"rendered":"CARNESTOLTES"},"content":{"rendered":"<p>La setmana del 1 al 4 de mar\u00e7 vam celebrar el carnaval a l&#8217;escola, els alumnes de 6\u00e8 hem estat els encarregats de redactar les consignes. Cada dia hav\u00edem de passar per cada classe a llegir les consignes de l&#8217;endem\u00e0.<\/p>\n<p>El dimarts vam escollir portar un complement al cap, per exemple barrets, diademes, perruques&#8230;<\/p>\n<p>El dimecres vam decidir portar tots ulleres divertides, ulleres grans, de bussejar, d&#8217;esquiar&#8230;<\/p>\n<p>El dijous vam pensar que seria divertit venir a l&#8217;escola amb pijama, espardenyes i, fins i tot, un peluix.<\/p>\n<p>El divendres com cada any hav\u00edem d&#8217;anar disfressats de qualsevol cosa, animals, protagonistes de pel\u00b7l\u00edcules&#8230;<\/p>\n<p>Ha estat una setmana molt divertida!!<\/p>\n<p>&nbsp;<\/p>\n<p>Fatoumata Assadeck.<\/p>\n","protected":false},"excerpt":{"rendered":"<p>La setmana del 1 al 4 de mar\u00e7 vam celebrar el carnaval a l&#8217;escola, els alumnes de 6\u00e8 hem estat els encarregats de redactar les consignes. Cada dia hav\u00edem de passar per cada classe a llegir les consignes de l&#8217;endem\u00e0.<br \/>\nEl dimarts vam escollir portar un&hellip;  <a href=\"https:\/\/agora.xtec.cat\/esc-teresabergada\/blocs-de-primaria\/6e\/carnestoltes-4\/\" title=\"Read CARNESTOLTES\">Llegeix m\u00e9s\u00bb<\/a><\/p>\n","protected":false},"author":1,"featured_media":0,"comment_status":"open","ping_status":"closed","sticky":false,"template":"","format":"standard","meta":{"_bbp_topic_count":0,"_bbp_reply_count":0,"_bbp_total_topic_count":0,"_bbp_total_reply_count":0,"_bbp_voice_count":0,"_bbp_anonymous_reply_count":0,"_bbp_topic_count_hidden":0,"_bbp_reply_count_hidden":0,"_bbp_forum_subforum_count":0,"footnotes":""},"categories":[240],"tags":[523],"class_list":["post-10449","post","type-post","status-publish","format-standard","hentry","category-6e","tag-redactoriredactoradelblog"],"post_mailing_queue_ids":[],"_links":{"self":[{"href":"https:\/\/agora.xtec.cat\/esc-teresabergada\/wp-json\/wp\/v2\/posts\/10449","targetHints":{"allow":["GET"]}}],"collection":[{"href":"https:\/\/agora.xtec.cat\/esc-teresabergada\/wp-json\/wp\/v2\/posts"}],"about":[{"href":"https:\/\/agora.xtec.cat\/esc-teresabergada\/wp-json\/wp\/v2\/types\/post"}],"author":[{"embeddable":true,"href":"https:\/\/agora.xtec.cat\/esc-teresabergada\/wp-json\/wp\/v2\/users\/1"}],"replies":[{"embeddable":true,"href":"https:\/\/agora.xtec.cat\/esc-teresabergada\/wp-json\/wp\/v2\/comments?post=10449"}],"version-history":[{"count":3,"href":"https:\/\/agora.xtec.cat\/esc-teresabergada\/wp-json\/wp\/v2\/posts\/10449\/revisions"}],"predecessor-version":[{"id":10907,"href":"https:\/\/agora.xtec.cat\/esc-teresabergada\/wp-json\/wp\/v2\/posts\/10449\/revisions\/10907"}],"wp:attachment":[{"href":"https:\/\/agora.xtec.cat\/esc-teresabergada\/wp-json\/wp\/v2\/media?parent=10449"}],"wp:term":[{"taxonomy":"category","embeddable":true,"href":"https:\/\/agora.xtec.cat\/esc-teresabergada\/wp-json\/wp\/v2\/categories?post=10449"},{"taxonomy":"post_tag","embeddable":true,"href":"https:\/\/agora.xtec.cat\/esc-teresabergada\/wp-json\/wp\/v2\/tags?post=10449"}],"curies":[{"name":"wp","href":"https:\/\/api.w.org\/{rel}","templated":true}]}}