{"id":10432,"date":"2022-02-28T22:25:56","date_gmt":"2022-02-28T21:25:56","guid":{"rendered":"https:\/\/agora.xtec.cat\/esc-teresabergada\/?p=10432"},"modified":"2022-03-02T00:32:04","modified_gmt":"2022-03-01T23:32:04","slug":"exposicio-el-cos-huma","status":"publish","type":"post","link":"https:\/\/agora.xtec.cat\/esc-teresabergada\/general\/exposicio-el-cos-huma\/","title":{"rendered":"EXPOSICI\u00d3 &#8220;EL COS HUM\u00c0&#8221;"},"content":{"rendered":"<p style=\"text-align: justify\">Hola fam\u00edlies! Ja hem acabat el nostre projecte del cos hum\u00e0 i nom\u00e9s ens queda presentar-vos la gravaci\u00f3, ara per ara aquesta \u00e9s la millor manera de fer-vos visible el nostre aprenentatge.<\/p>\n<p style=\"text-align: justify\">Hem treballat de valent i hem apr\u00e8s moltes coses sobre com funciona el nostre cos. I com ho hem fet? Doncs compartint aprenentatge, investigant amb l&#8217;experimentaci\u00f3, cercant informaci\u00f3, utilitzant les noves tecnologies, reflexionant sobre el qu\u00e8 i com an\u00e0vem aprenent, resolent reptes, treballant en equip&#8230;i sobretot mantenint en tot moment una molt bona actitud i predisposici\u00f3.<\/p>\n<p style=\"text-align: justify\">Esperem que us agradi!<\/p>\n<p>Alumnat de 5\u00e8 B<\/p>\n<p><a href=\"https:\/\/www.canva.com\/design\/DAE5pc3E728\/watch\"><img loading=\"lazy\" decoding=\"async\" class=\"aligncenter wp-image-10438\" src=\"https:\/\/agora.xtec.cat\/esc-teresabergada\/wp-content\/uploads\/usu1533\/2022\/02\/projecte-del-cos-huma-300x169.jpg\" alt=\"\" width=\"363\" height=\"204\" srcset=\"https:\/\/agora.xtec.cat\/esc-teresabergada\/wp-content\/uploads\/usu1533\/2022\/02\/projecte-del-cos-huma-300x169.jpg 300w, https:\/\/agora.xtec.cat\/esc-teresabergada\/wp-content\/uploads\/usu1533\/2022\/02\/projecte-del-cos-huma-1024x576.jpg 1024w, https:\/\/agora.xtec.cat\/esc-teresabergada\/wp-content\/uploads\/usu1533\/2022\/02\/projecte-del-cos-huma-768x432.jpg 768w, https:\/\/agora.xtec.cat\/esc-teresabergada\/wp-content\/uploads\/usu1533\/2022\/02\/projecte-del-cos-huma-1536x864.jpg 1536w, https:\/\/agora.xtec.cat\/esc-teresabergada\/wp-content\/uploads\/usu1533\/2022\/02\/projecte-del-cos-huma.jpg 1920w\" sizes=\"auto, (max-width: 363px) 100vw, 363px\" \/><\/a><\/p>\n","protected":false},"excerpt":{"rendered":"<p>Hola fam\u00edlies! Ja hem acabat el nostre projecte del cos hum\u00e0 i nom\u00e9s ens queda presentar-vos la gravaci\u00f3, ara per ara aquesta \u00e9s la millor manera de fer-vos visible el nostre aprenentatge.<br \/>\nHem treballat de valent i hem apr\u00e8s moltes coses sobre com funciona el nostre&hellip;  <a href=\"https:\/\/agora.xtec.cat\/esc-teresabergada\/general\/exposicio-el-cos-huma\/\" title=\"Read EXPOSICI\u00d3 &#8220;EL COS HUM\u00c0&#8221;\">Llegeix m\u00e9s\u00bb<\/a><\/p>\n","protected":false},"author":32,"featured_media":10438,"comment_status":"open","ping_status":"closed","sticky":false,"template":"","format":"standard","meta":{"_bbp_topic_count":0,"_bbp_reply_count":0,"_bbp_total_topic_count":0,"_bbp_total_reply_count":0,"_bbp_voice_count":0,"_bbp_anonymous_reply_count":0,"_bbp_topic_count_hidden":0,"_bbp_reply_count_hidden":0,"_bbp_forum_subforum_count":0,"footnotes":""},"categories":[1],"tags":[461],"class_list":["post-10432","post","type-post","status-publish","format-standard","has-post-thumbnail","hentry","category-general","tag-projecte-cos-huma"],"post_mailing_queue_ids":[],"_links":{"self":[{"href":"https:\/\/agora.xtec.cat\/esc-teresabergada\/wp-json\/wp\/v2\/posts\/10432","targetHints":{"allow":["GET"]}}],"collection":[{"href":"https:\/\/agora.xtec.cat\/esc-teresabergada\/wp-json\/wp\/v2\/posts"}],"about":[{"href":"https:\/\/agora.xtec.cat\/esc-teresabergada\/wp-json\/wp\/v2\/types\/post"}],"author":[{"embeddable":true,"href":"https:\/\/agora.xtec.cat\/esc-teresabergada\/wp-json\/wp\/v2\/users\/32"}],"replies":[{"embeddable":true,"href":"https:\/\/agora.xtec.cat\/esc-teresabergada\/wp-json\/wp\/v2\/comments?post=10432"}],"version-history":[{"count":4,"href":"https:\/\/agora.xtec.cat\/esc-teresabergada\/wp-json\/wp\/v2\/posts\/10432\/revisions"}],"predecessor-version":[{"id":10448,"href":"https:\/\/agora.xtec.cat\/esc-teresabergada\/wp-json\/wp\/v2\/posts\/10432\/revisions\/10448"}],"wp:featuredmedia":[{"embeddable":true,"href":"https:\/\/agora.xtec.cat\/esc-teresabergada\/wp-json\/wp\/v2\/media\/10438"}],"wp:attachment":[{"href":"https:\/\/agora.xtec.cat\/esc-teresabergada\/wp-json\/wp\/v2\/media?parent=10432"}],"wp:term":[{"taxonomy":"category","embeddable":true,"href":"https:\/\/agora.xtec.cat\/esc-teresabergada\/wp-json\/wp\/v2\/categories?post=10432"},{"taxonomy":"post_tag","embeddable":true,"href":"https:\/\/agora.xtec.cat\/esc-teresabergada\/wp-json\/wp\/v2\/tags?post=10432"}],"curies":[{"name":"wp","href":"https:\/\/api.w.org\/{rel}","templated":true}]}}