{"id":10427,"date":"2022-02-25T18:53:41","date_gmt":"2022-02-25T17:53:41","guid":{"rendered":"https:\/\/agora.xtec.cat\/esc-teresabergada\/?p=10427"},"modified":"2022-07-11T10:30:21","modified_gmt":"2022-07-11T08:30:21","slug":"camp-daprenentatge-de-la-noguera","status":"publish","type":"post","link":"https:\/\/agora.xtec.cat\/esc-teresabergada\/general\/camp-daprenentatge-de-la-noguera\/","title":{"rendered":"Camp d&#8217;Aprenentatge de la Noguera"},"content":{"rendered":"<p>Comen\u00e7em un nou projecte, i no pod\u00edem haver-ho fet de millor manera: vivint la Prehist\u00f2ria en primera persona.<\/p>\n<p>Quan vam proposar les estades al CdA de la Noguera sab\u00edem que les activitats eren adequades com a activitat de xoc per a encetar el nou projecte (De la Prehist\u00f2ria a l&#8217;Edat Mitjana). Per\u00f2 tamb\u00e9 us hem de dir que no pens\u00e0vem pas viure tan intensament aquesta \u00e8poca, i ser capa\u00e7os d&#8217;endinsar-nos-hi de tal manera.<\/p>\n<p>Les imatges parlen per s\u00ed soles, i de ben segur que cadascun de nosaltres ens endurem records que ens marcaran de diferents formes: entendre l&#8217;evoluci\u00f3 de la m\u00fasica i dels instruments musicals, gaudir de la pintura, con\u00e8ixer la vida de poblat i con\u00e8ixer el seu habitatge, poder gaudir d&#8217;un sopar prehist\u00f2ric al voltant d&#8217;una foguera mentre cantem i ballem; i tamb\u00e9 poder posar-nos a la pell d&#8217;aquells grans arque\u00f2legs que ens ajuden a entendre el passat.<\/p>\n<p>Tots i cadascun dels moments viscuts aquests dos dies SUMEN, i no nom\u00e9s en relaci\u00f3 a la Prehist\u00f2ria,\u00a0 sin\u00f3 que en l&#8217;avui tamb\u00e9,\u00a0 en poder viure la normalitat de sortir,\u00a0 de conviure i de gaudir els uns dels altres.<\/p>\n<p>Us donem les gr\u00e0cies, a les fam\u00edlies, per la confian\u00e7a dipositada en nosaltres, i a l&#8217;alumnat, per haver gaudit i haver-se il\u00b7lusionat tant com nosaltres ho hem fet.<\/p>\n<p>Gr\u00e0cies.<\/p>\n<p>Si cliqueu a la imatge, podreu veure&#8217;n un tast.<\/p>\n<p><a href=\"https:\/\/photos.app.goo.gl\/kWykheUG2K82eczL9\"><img loading=\"lazy\" decoding=\"async\" class=\"aligncenter wp-image-10428 size-large\" src=\"https:\/\/agora.xtec.cat\/esc-teresabergada\/wp-content\/uploads\/usu1533\/2022\/02\/Screenshot_20220225-185057_Gallery-1024x583.jpg\" alt=\"\" width=\"1024\" height=\"583\" \/><\/a><\/p>\n","protected":false},"excerpt":{"rendered":"<p>Comen\u00e7em un nou projecte, i no pod\u00edem haver-ho fet de millor manera: vivint la Prehist\u00f2ria en primera persona.<br \/>\nQuan vam proposar les estades al CdA de la Noguera sab\u00edem que les activitats eren adequades com a activitat de xoc per a encetar el nou projecte (De&hellip;  <a href=\"https:\/\/agora.xtec.cat\/esc-teresabergada\/general\/camp-daprenentatge-de-la-noguera\/\" title=\"Read Camp d&#8217;Aprenentatge de la Noguera\">Llegeix m\u00e9s\u00bb<\/a><\/p>\n","protected":false},"author":37,"featured_media":0,"comment_status":"open","ping_status":"closed","sticky":false,"template":"","format":"standard","meta":{"_bbp_topic_count":0,"_bbp_reply_count":0,"_bbp_total_topic_count":0,"_bbp_total_reply_count":0,"_bbp_voice_count":0,"_bbp_anonymous_reply_count":0,"_bbp_topic_count_hidden":0,"_bbp_reply_count_hidden":0,"_bbp_forum_subforum_count":0,"footnotes":""},"categories":[238,250,1],"tags":[603],"class_list":["post-10427","post","type-post","status-publish","format-standard","hentry","category-3r","category-4t","category-general","tag-cda"],"post_mailing_queue_ids":[],"_links":{"self":[{"href":"https:\/\/agora.xtec.cat\/esc-teresabergada\/wp-json\/wp\/v2\/posts\/10427","targetHints":{"allow":["GET"]}}],"collection":[{"href":"https:\/\/agora.xtec.cat\/esc-teresabergada\/wp-json\/wp\/v2\/posts"}],"about":[{"href":"https:\/\/agora.xtec.cat\/esc-teresabergada\/wp-json\/wp\/v2\/types\/post"}],"author":[{"embeddable":true,"href":"https:\/\/agora.xtec.cat\/esc-teresabergada\/wp-json\/wp\/v2\/users\/37"}],"replies":[{"embeddable":true,"href":"https:\/\/agora.xtec.cat\/esc-teresabergada\/wp-json\/wp\/v2\/comments?post=10427"}],"version-history":[{"count":1,"href":"https:\/\/agora.xtec.cat\/esc-teresabergada\/wp-json\/wp\/v2\/posts\/10427\/revisions"}],"predecessor-version":[{"id":10429,"href":"https:\/\/agora.xtec.cat\/esc-teresabergada\/wp-json\/wp\/v2\/posts\/10427\/revisions\/10429"}],"wp:attachment":[{"href":"https:\/\/agora.xtec.cat\/esc-teresabergada\/wp-json\/wp\/v2\/media?parent=10427"}],"wp:term":[{"taxonomy":"category","embeddable":true,"href":"https:\/\/agora.xtec.cat\/esc-teresabergada\/wp-json\/wp\/v2\/categories?post=10427"},{"taxonomy":"post_tag","embeddable":true,"href":"https:\/\/agora.xtec.cat\/esc-teresabergada\/wp-json\/wp\/v2\/tags?post=10427"}],"curies":[{"name":"wp","href":"https:\/\/api.w.org\/{rel}","templated":true}]}}