{"id":10406,"date":"2022-02-22T19:42:46","date_gmt":"2022-02-22T18:42:46","guid":{"rendered":"https:\/\/agora.xtec.cat\/esc-teresabergada\/?p=10406"},"modified":"2022-02-22T19:42:46","modified_gmt":"2022-02-22T18:42:46","slug":"us-presentem-el-nostre-projecte-del-cos-huma","status":"publish","type":"post","link":"https:\/\/agora.xtec.cat\/esc-teresabergada\/general\/us-presentem-el-nostre-projecte-del-cos-huma\/","title":{"rendered":"US PRESENTEM EL NOSTRE PROJECTE DEL COS HUM\u00c0!"},"content":{"rendered":"<h4 style=\"text-align: justify\">Benvolugudes fam\u00edlies,<\/h4>\n<h4 style=\"text-align: justify\">Un curs m\u00e9s, malhauradament, no podem compartir una tarda amb vosaltres per a fer la presentaci\u00f3 del nostre projecte de medi.\u00a0Per\u00f2, un curs m\u00e9s, volem fer-vos part\u00edceps d&#8217;alguna manera, del nostre producte final.<\/h4>\n<h4 style=\"text-align: justify\">El projecte del cos hum\u00e0 el vam iniciar cap a finals del mes de setembre i ens va engrescar de seguida. Ha sigut un proc\u00e9s d&#8217;aprenentatge motivador i interessant. Ens hem plantejat bones preguntes, hem cercat i gestionat la informaci\u00f3 per mitj\u00e0 de llibres de consulta i d&#8217;Internet, hem investigat, hem treballat en equip, hem trobat respostes, ens n&#8217;han sorgit d&#8217;altres, hem apr\u00e8s i, sobretot, hem gaudit mentre el f\u00e8iem.<\/h4>\n<h4 style=\"text-align: justify\"><span style=\"color: #ff0000\"><em>El cam\u00ed de la vida comen\u00e7a amb la uni\u00f3 de dues c\u00e8l\u00b7lules: l&#8217;\u00f2vul i l&#8217;espermatozou que no depenen de la nostra elecci\u00f3&#8230;\u00a0<\/em><\/span><\/h4>\n<h4 style=\"text-align: justify\">Voleu saber com continua? Benvingudes a la nostra presentaci\u00f3!<\/h4>\n<h4><a href=\"https:\/\/www.youtube.com\/watch?v=XxPvruBFnWc\">https:\/\/www.youtube.com\/watch?v=XxPvruBFnWc<\/a><\/h4>\n<h4><a href=\"https:\/\/agora.xtec.cat\/esc-teresabergada\/wp-content\/uploads\/usu1533\/2022\/02\/1645555222231-1-scaled.jpg\"><img loading=\"lazy\" decoding=\"async\" class=\"alignnone size-large wp-image-10413\" src=\"https:\/\/agora.xtec.cat\/esc-teresabergada\/wp-content\/uploads\/usu1533\/2022\/02\/1645555222231-1-1024x235.jpg\" alt=\"\" width=\"1024\" height=\"235\" srcset=\"https:\/\/agora.xtec.cat\/esc-teresabergada\/wp-content\/uploads\/usu1533\/2022\/02\/1645555222231-1-1024x235.jpg 1024w, https:\/\/agora.xtec.cat\/esc-teresabergada\/wp-content\/uploads\/usu1533\/2022\/02\/1645555222231-1-300x69.jpg 300w, https:\/\/agora.xtec.cat\/esc-teresabergada\/wp-content\/uploads\/usu1533\/2022\/02\/1645555222231-1-768x176.jpg 768w, https:\/\/agora.xtec.cat\/esc-teresabergada\/wp-content\/uploads\/usu1533\/2022\/02\/1645555222231-1-1536x353.jpg 1536w, https:\/\/agora.xtec.cat\/esc-teresabergada\/wp-content\/uploads\/usu1533\/2022\/02\/1645555222231-1-2048x470.jpg 2048w\" sizes=\"auto, (max-width: 1024px) 100vw, 1024px\" \/><\/a><\/h4>\n<h4 style=\"text-align: justify\">ALUMNES DE 6\u00e8-B<\/h4>\n","protected":false},"excerpt":{"rendered":"<p>Benvolugudes fam\u00edlies,<br \/>\nUn curs m\u00e9s, malhauradament, no podem compartir una tarda amb vosaltres per a fer la presentaci\u00f3 del nostre projecte de medi.\u00a0Per\u00f2, un curs m\u00e9s, volem fer-vos part\u00edceps d&#8217;alguna manera, del nostre producte final.<br \/>\nEl projecte del cos hum\u00e0 el vam iniciar cap a finals del&hellip;  <a href=\"https:\/\/agora.xtec.cat\/esc-teresabergada\/general\/us-presentem-el-nostre-projecte-del-cos-huma\/\" title=\"Read US PRESENTEM EL NOSTRE PROJECTE DEL COS HUM\u00c0!\">Llegeix m\u00e9s\u00bb<\/a><\/p>\n","protected":false},"author":28,"featured_media":10412,"comment_status":"open","ping_status":"closed","sticky":false,"template":"","format":"standard","meta":{"_bbp_topic_count":0,"_bbp_reply_count":0,"_bbp_total_topic_count":0,"_bbp_total_reply_count":0,"_bbp_voice_count":0,"_bbp_anonymous_reply_count":0,"_bbp_topic_count_hidden":0,"_bbp_reply_count_hidden":0,"_bbp_forum_subforum_count":0,"footnotes":""},"categories":[1],"tags":[],"class_list":["post-10406","post","type-post","status-publish","format-standard","has-post-thumbnail","hentry","category-general"],"post_mailing_queue_ids":[],"_links":{"self":[{"href":"https:\/\/agora.xtec.cat\/esc-teresabergada\/wp-json\/wp\/v2\/posts\/10406","targetHints":{"allow":["GET"]}}],"collection":[{"href":"https:\/\/agora.xtec.cat\/esc-teresabergada\/wp-json\/wp\/v2\/posts"}],"about":[{"href":"https:\/\/agora.xtec.cat\/esc-teresabergada\/wp-json\/wp\/v2\/types\/post"}],"author":[{"embeddable":true,"href":"https:\/\/agora.xtec.cat\/esc-teresabergada\/wp-json\/wp\/v2\/users\/28"}],"replies":[{"embeddable":true,"href":"https:\/\/agora.xtec.cat\/esc-teresabergada\/wp-json\/wp\/v2\/comments?post=10406"}],"version-history":[{"count":3,"href":"https:\/\/agora.xtec.cat\/esc-teresabergada\/wp-json\/wp\/v2\/posts\/10406\/revisions"}],"predecessor-version":[{"id":10414,"href":"https:\/\/agora.xtec.cat\/esc-teresabergada\/wp-json\/wp\/v2\/posts\/10406\/revisions\/10414"}],"wp:featuredmedia":[{"embeddable":true,"href":"https:\/\/agora.xtec.cat\/esc-teresabergada\/wp-json\/wp\/v2\/media\/10412"}],"wp:attachment":[{"href":"https:\/\/agora.xtec.cat\/esc-teresabergada\/wp-json\/wp\/v2\/media?parent=10406"}],"wp:term":[{"taxonomy":"category","embeddable":true,"href":"https:\/\/agora.xtec.cat\/esc-teresabergada\/wp-json\/wp\/v2\/categories?post=10406"},{"taxonomy":"post_tag","embeddable":true,"href":"https:\/\/agora.xtec.cat\/esc-teresabergada\/wp-json\/wp\/v2\/tags?post=10406"}],"curies":[{"name":"wp","href":"https:\/\/api.w.org\/{rel}","templated":true}]}}