{"id":10394,"date":"2022-02-20T10:22:18","date_gmt":"2022-02-20T09:22:18","guid":{"rendered":"https:\/\/agora.xtec.cat\/esc-teresabergada\/?p=10394"},"modified":"2022-02-20T10:22:18","modified_gmt":"2022-02-20T09:22:18","slug":"sortida-a-lleida","status":"publish","type":"post","link":"https:\/\/agora.xtec.cat\/esc-teresabergada\/infantil\/sortida-a-lleida\/","title":{"rendered":"SORTIDA A LLEIDA"},"content":{"rendered":"<p><a href=\"https:\/\/agora.xtec.cat\/esc-teresabergada\/wp-content\/uploads\/usu1533\/2022\/02\/SORTIDA-A-LLEIDA.jpg\"><img loading=\"lazy\" decoding=\"async\" class=\"alignnone wp-image-10398 aligncenter\" src=\"https:\/\/agora.xtec.cat\/esc-teresabergada\/wp-content\/uploads\/usu1533\/2022\/02\/SORTIDA-A-LLEIDA-1024x819.jpg\" alt=\"\" width=\"389\" height=\"312\" srcset=\"https:\/\/agora.xtec.cat\/esc-teresabergada\/wp-content\/uploads\/usu1533\/2022\/02\/SORTIDA-A-LLEIDA-1024x819.jpg 1024w, https:\/\/agora.xtec.cat\/esc-teresabergada\/wp-content\/uploads\/usu1533\/2022\/02\/SORTIDA-A-LLEIDA-300x240.jpg 300w, https:\/\/agora.xtec.cat\/esc-teresabergada\/wp-content\/uploads\/usu1533\/2022\/02\/SORTIDA-A-LLEIDA-768x614.jpg 768w, https:\/\/agora.xtec.cat\/esc-teresabergada\/wp-content\/uploads\/usu1533\/2022\/02\/SORTIDA-A-LLEIDA-1536x1229.jpg 1536w, https:\/\/agora.xtec.cat\/esc-teresabergada\/wp-content\/uploads\/usu1533\/2022\/02\/SORTIDA-A-LLEIDA.jpg 2000w\" sizes=\"auto, (max-width: 389px) 100vw, 389px\" \/><\/a><\/p>\n<p>El divendres, divuit de febrer, vam anar a LLeida. Va ser una sortida molt completa i engrescadora.<\/p>\n<p>Vam participar en la sessi\u00f3 d&#8217;exploraci\u00f3 al <strong>Lab<\/strong>, al Mercat del Pla, que consisteix en diferents propostes en format de lliure elecci\u00f3. Els nens i les nenes van poder anar interactuant amb els materials per tal d&#8217;extreure diferents idees que mirarem de recuperar des\u00a0 de l&#8217;escola. Es pret\u00e8n promoure una mirada cient\u00edfica sobre fen\u00f2mens del m\u00f3n, a trav\u00e9s de la iniciativa dels infants sobre els materials, de potenciar-ne la curiositat natural i d\u2019afavorir el sorgiment de preguntes.<\/p>\n<p>Es va fer una visita a <strong>La Seu Vella i\/o el Castell del Rei\/Suda<\/strong>, situats al Tur\u00f3 de la Seu Vella. Cada grup va anar al seu ritme i va aprofitar la visita\u00a0 segons els seus interessos. Con\u00e8ixer aquests edificis, observar el pas del temps,\u00a0 l&#8217;acci\u00f3 poc respectuosa de l&#8217;home i la seva posterior restauraci\u00f3, en proc\u00e9s en l&#8217;actualitat, ajuda a con\u00e8ixer la hist\u00f2ria de Lleida i del nostre entorn proper.<\/p>\n<p>Despr\u00e9s de totes les activitats previstes, vam poder\u00a0 anar a dinar al Parc de <strong>La Mitjana<\/strong> acabant d&#8217;arrodonir la sortida. Podeu clicar a cada grup per veure les fotos dels millors moments.<\/p>\n<p><a href=\"https:\/\/photos.app.goo.gl\/BGGjJhaKMay2YimEA\"><strong>P3<\/strong><\/a><\/p>\n<p><a href=\"https:\/\/photos.app.goo.gl\/MbNy3gC9SyQtVJXH8\"><strong>P4<\/strong><\/a><\/p>\n<p><a href=\"https:\/\/photos.app.goo.gl\/Dxn97mdz4uPdDbnU8\"><strong>P5<\/strong><\/a><\/p>\n<p><a href=\"https:\/\/photos.app.goo.gl\/xerwTjbXpZYDQ6JZA\"><strong>La Mitjana<\/strong><\/a><\/p>\n","protected":false},"excerpt":{"rendered":"<p><a href=\"https:\/\/agora.xtec.cat\/esc-teresabergada\/wp-content\/uploads\/usu1533\/2022\/02\/SORTIDA-A-LLEIDA.jpg\"><\/a><br \/>\nEl divendres, divuit de febrer, vam anar a LLeida. Va ser una sortida molt completa i engrescadora.<br \/>\nVam participar en la sessi\u00f3 d&#8217;exploraci\u00f3 al Lab, al Mercat del Pla, que consisteix en diferents propostes en format de lliure elecci\u00f3. Els nens i les nenes van&hellip;  <a href=\"https:\/\/agora.xtec.cat\/esc-teresabergada\/infantil\/sortida-a-lleida\/\" title=\"Read SORTIDA A LLEIDA\">Llegeix m\u00e9s\u00bb<\/a><\/p>\n","protected":false},"author":12,"featured_media":10402,"comment_status":"open","ping_status":"closed","sticky":false,"template":"","format":"standard","meta":{"_bbp_topic_count":0,"_bbp_reply_count":0,"_bbp_total_topic_count":0,"_bbp_total_reply_count":0,"_bbp_voice_count":0,"_bbp_anonymous_reply_count":0,"_bbp_topic_count_hidden":0,"_bbp_reply_count_hidden":0,"_bbp_forum_subforum_count":0,"footnotes":""},"categories":[515,236,251,2],"tags":[121,123],"class_list":["post-10394","post","type-post","status-publish","format-standard","has-post-thumbnail","hentry","category-i3","category-i4","category-i5","category-infantil","tag-educacio-infantil","tag-sortida"],"post_mailing_queue_ids":[],"_links":{"self":[{"href":"https:\/\/agora.xtec.cat\/esc-teresabergada\/wp-json\/wp\/v2\/posts\/10394","targetHints":{"allow":["GET"]}}],"collection":[{"href":"https:\/\/agora.xtec.cat\/esc-teresabergada\/wp-json\/wp\/v2\/posts"}],"about":[{"href":"https:\/\/agora.xtec.cat\/esc-teresabergada\/wp-json\/wp\/v2\/types\/post"}],"author":[{"embeddable":true,"href":"https:\/\/agora.xtec.cat\/esc-teresabergada\/wp-json\/wp\/v2\/users\/12"}],"replies":[{"embeddable":true,"href":"https:\/\/agora.xtec.cat\/esc-teresabergada\/wp-json\/wp\/v2\/comments?post=10394"}],"version-history":[{"count":3,"href":"https:\/\/agora.xtec.cat\/esc-teresabergada\/wp-json\/wp\/v2\/posts\/10394\/revisions"}],"predecessor-version":[{"id":10403,"href":"https:\/\/agora.xtec.cat\/esc-teresabergada\/wp-json\/wp\/v2\/posts\/10394\/revisions\/10403"}],"wp:featuredmedia":[{"embeddable":true,"href":"https:\/\/agora.xtec.cat\/esc-teresabergada\/wp-json\/wp\/v2\/media\/10402"}],"wp:attachment":[{"href":"https:\/\/agora.xtec.cat\/esc-teresabergada\/wp-json\/wp\/v2\/media?parent=10394"}],"wp:term":[{"taxonomy":"category","embeddable":true,"href":"https:\/\/agora.xtec.cat\/esc-teresabergada\/wp-json\/wp\/v2\/categories?post=10394"},{"taxonomy":"post_tag","embeddable":true,"href":"https:\/\/agora.xtec.cat\/esc-teresabergada\/wp-json\/wp\/v2\/tags?post=10394"}],"curies":[{"name":"wp","href":"https:\/\/api.w.org\/{rel}","templated":true}]}}