{"id":10389,"date":"2022-02-18T09:41:32","date_gmt":"2022-02-18T08:41:32","guid":{"rendered":"https:\/\/agora.xtec.cat\/esc-teresabergada\/?p=10389"},"modified":"2022-02-18T09:43:07","modified_gmt":"2022-02-18T08:43:07","slug":"ens-traiem-les-mascaretes","status":"publish","type":"post","link":"https:\/\/agora.xtec.cat\/esc-teresabergada\/general\/ens-traiem-les-mascaretes\/","title":{"rendered":"ENS TRAIEM LES MASCARETES"},"content":{"rendered":"<p style=\"text-align: justify\">El dia 10 de febrer de 2022 va ser el dia que els pol\u00edtics van decidir que ens podr\u00edem treure les mascaretes a l&#8217;hora del pati. Aquell dia al col.legi, a cicle superior ens tocava futbol i vam poder gaudir d&#8217;un partit molt m\u00e9s divertit ja que les mascaretes ens dificultaven la respiraci\u00f3 (un dels aspectes m\u00e9s importants en els esports).<\/p>\n<p style=\"text-align: justify\">Tots i totes estem molt contents\/es que poc a poc puguem anar traient totes les restriccions que ha portat el coronavirus. Esperem d&#8217;aqu\u00ed poc poder tornar a una vida sense impediments pel covid.<\/p>\n<p><img loading=\"lazy\" decoding=\"async\" class=\"aligncenter wp-image-10391\" src=\"https:\/\/agora.xtec.cat\/esc-teresabergada\/wp-content\/uploads\/usu1533\/2022\/02\/mascareta-sanitaria-5e9d78cd5aed0-300x200.jpg\" alt=\"\" width=\"400\" height=\"267\" srcset=\"https:\/\/agora.xtec.cat\/esc-teresabergada\/wp-content\/uploads\/usu1533\/2022\/02\/mascareta-sanitaria-5e9d78cd5aed0-300x200.jpg 300w, https:\/\/agora.xtec.cat\/esc-teresabergada\/wp-content\/uploads\/usu1533\/2022\/02\/mascareta-sanitaria-5e9d78cd5aed0-1024x683.jpg 1024w, https:\/\/agora.xtec.cat\/esc-teresabergada\/wp-content\/uploads\/usu1533\/2022\/02\/mascareta-sanitaria-5e9d78cd5aed0-768x512.jpg 768w, https:\/\/agora.xtec.cat\/esc-teresabergada\/wp-content\/uploads\/usu1533\/2022\/02\/mascareta-sanitaria-5e9d78cd5aed0-1536x1024.jpg 1536w, https:\/\/agora.xtec.cat\/esc-teresabergada\/wp-content\/uploads\/usu1533\/2022\/02\/mascareta-sanitaria-5e9d78cd5aed0.jpg 1600w\" sizes=\"auto, (max-width: 400px) 100vw, 400px\" \/><\/p>\n<p>Quim Carnic\u00e9 Satorra<\/p>\n","protected":false},"excerpt":{"rendered":"<p>El dia 10 de febrer de 2022 va ser el dia que els pol\u00edtics van decidir que ens podr\u00edem treure les mascaretes a l&#8217;hora del pati. Aquell dia al col.legi, a cicle superior ens tocava futbol i vam poder gaudir d&#8217;un partit molt m\u00e9s divertit&hellip;  <a href=\"https:\/\/agora.xtec.cat\/esc-teresabergada\/general\/ens-traiem-les-mascaretes\/\" title=\"Read ENS TRAIEM LES MASCARETES\">Llegeix m\u00e9s\u00bb<\/a><\/p>\n","protected":false},"author":32,"featured_media":10391,"comment_status":"open","ping_status":"closed","sticky":false,"template":"","format":"standard","meta":{"_bbp_topic_count":0,"_bbp_reply_count":0,"_bbp_total_topic_count":0,"_bbp_total_reply_count":0,"_bbp_voice_count":0,"_bbp_anonymous_reply_count":0,"_bbp_topic_count_hidden":0,"_bbp_reply_count_hidden":0,"_bbp_forum_subforum_count":0,"footnotes":""},"categories":[349,1],"tags":[523],"class_list":["post-10389","post","type-post","status-publish","format-standard","has-post-thumbnail","hentry","category-5e","category-general","tag-redactoriredactoradelblog"],"post_mailing_queue_ids":[],"_links":{"self":[{"href":"https:\/\/agora.xtec.cat\/esc-teresabergada\/wp-json\/wp\/v2\/posts\/10389","targetHints":{"allow":["GET"]}}],"collection":[{"href":"https:\/\/agora.xtec.cat\/esc-teresabergada\/wp-json\/wp\/v2\/posts"}],"about":[{"href":"https:\/\/agora.xtec.cat\/esc-teresabergada\/wp-json\/wp\/v2\/types\/post"}],"author":[{"embeddable":true,"href":"https:\/\/agora.xtec.cat\/esc-teresabergada\/wp-json\/wp\/v2\/users\/32"}],"replies":[{"embeddable":true,"href":"https:\/\/agora.xtec.cat\/esc-teresabergada\/wp-json\/wp\/v2\/comments?post=10389"}],"version-history":[{"count":3,"href":"https:\/\/agora.xtec.cat\/esc-teresabergada\/wp-json\/wp\/v2\/posts\/10389\/revisions"}],"predecessor-version":[{"id":10393,"href":"https:\/\/agora.xtec.cat\/esc-teresabergada\/wp-json\/wp\/v2\/posts\/10389\/revisions\/10393"}],"wp:featuredmedia":[{"embeddable":true,"href":"https:\/\/agora.xtec.cat\/esc-teresabergada\/wp-json\/wp\/v2\/media\/10391"}],"wp:attachment":[{"href":"https:\/\/agora.xtec.cat\/esc-teresabergada\/wp-json\/wp\/v2\/media?parent=10389"}],"wp:term":[{"taxonomy":"category","embeddable":true,"href":"https:\/\/agora.xtec.cat\/esc-teresabergada\/wp-json\/wp\/v2\/categories?post=10389"},{"taxonomy":"post_tag","embeddable":true,"href":"https:\/\/agora.xtec.cat\/esc-teresabergada\/wp-json\/wp\/v2\/tags?post=10389"}],"curies":[{"name":"wp","href":"https:\/\/api.w.org\/{rel}","templated":true}]}}