{"id":10363,"date":"2022-02-16T19:16:50","date_gmt":"2022-02-16T18:16:50","guid":{"rendered":"https:\/\/agora.xtec.cat\/esc-teresabergada\/?p=10363"},"modified":"2022-07-11T11:39:27","modified_gmt":"2022-07-11T09:39:27","slug":"tallers-cientifics-3","status":"publish","type":"post","link":"https:\/\/agora.xtec.cat\/esc-teresabergada\/blocs-de-primaria\/6e\/tallers-cientifics-3\/","title":{"rendered":"TALLERS CIENT\u00cdFICS"},"content":{"rendered":"<h5 style=\"text-align: justify;\"><span style=\"font-weight: 400;\">El dia 26 de gener, els i les alumnes de cicle superior, vam comen\u00e7ar els tallers cient\u00edfics.\u00a0<\/span><span style=\"font-weight: 400;\">Cada classe va comen\u00e7ar el primer taller amb la seva professora.\u00a0<\/span><span style=\"font-weight: 400;\">A la meva classe vam comen\u00e7ar amb la M\u00edriam.<\/span><\/h5>\n<p>&nbsp;<\/p>\n<h5 style=\"text-align: justify;\"><span style=\"font-weight: 400;\">La pregunta que ens vam fer va ser la seg\u00fcent:\u00a0<\/span><strong><em>\u201cPer qu\u00e8 els objectes s\u00f3n de colors diferents?\u201d\u00a0<\/em><\/strong><span style=\"font-weight: 400;\">Primer, individualment, vam pensar algunes hip\u00f2tesis i\u00a0 despr\u00e9s les vam compartir en veu alta. <\/span><span style=\"font-weight: 400;\">M\u00e9s tard, vam baixar al pati a fer una s\u00e8rie d&#8217;experiments\/comprovacions. <\/span><span style=\"font-weight: 400;\">L&#8217;endem\u00e0, vam completar el dossier de treball, amb els diferents apartats.<\/span><\/h5>\n<p><a href=\"https:\/\/agora.xtec.cat\/esc-teresabergada\/wp-content\/uploads\/usu1533\/2022\/02\/Captura-de-pantalla-2022-02-16-a-las-19.13.53-e1657532284476.png\"><img loading=\"lazy\" decoding=\"async\" class=\"aligncenter wp-image-10365 size-full\" src=\"https:\/\/agora.xtec.cat\/esc-teresabergada\/wp-content\/uploads\/usu1533\/2022\/02\/Captura-de-pantalla-2022-02-16-a-las-19.13.53-e1657532284476.png\" alt=\"\" width=\"332\" height=\"199\" srcset=\"https:\/\/agora.xtec.cat\/esc-teresabergada\/wp-content\/uploads\/usu1533\/2022\/02\/Captura-de-pantalla-2022-02-16-a-las-19.13.53-e1657532284476.png 332w, https:\/\/agora.xtec.cat\/esc-teresabergada\/wp-content\/uploads\/usu1533\/2022\/02\/Captura-de-pantalla-2022-02-16-a-las-19.13.53-e1657532284476-300x180.png 300w\" sizes=\"auto, (max-width: 332px) 100vw, 332px\" \/><\/a> <a href=\"https:\/\/agora.xtec.cat\/esc-teresabergada\/wp-content\/uploads\/usu1533\/2022\/02\/Captura-de-pantalla-2022-02-16-a-las-19.14.13-e1657532330692.png\"><img loading=\"lazy\" decoding=\"async\" class=\"aligncenter wp-image-10366 size-full\" src=\"https:\/\/agora.xtec.cat\/esc-teresabergada\/wp-content\/uploads\/usu1533\/2022\/02\/Captura-de-pantalla-2022-02-16-a-las-19.14.13-e1657532330692.png\" alt=\"\" width=\"269\" height=\"210\" \/><\/a> <a href=\"https:\/\/agora.xtec.cat\/esc-teresabergada\/wp-content\/uploads\/usu1533\/2022\/02\/Captura-de-pantalla-2022-02-16-a-las-19.14.25.png\"><img loading=\"lazy\" decoding=\"async\" class=\"alignnone wp-image-10367\" src=\"https:\/\/agora.xtec.cat\/esc-teresabergada\/wp-content\/uploads\/usu1533\/2022\/02\/Captura-de-pantalla-2022-02-16-a-las-19.14.25.png\" alt=\"\" width=\"238\" height=\"216\" \/><\/a><\/p>\n<p style=\"text-align: justify;\"><span style=\"font-weight: 400;\">A la resta de tallers cient\u00edfics seguirem el mateix proc\u00e9s per\u00f2 canviant de professora i de tem\u00e0tica. \u00c9s una manera diferent, interessant i divertida de treballar!<\/span><\/p>\n<p>Carla Solduga<\/p>\n","protected":false},"excerpt":{"rendered":"<p>El dia 26 de gener, els i les alumnes de cicle superior, vam comen\u00e7ar els tallers cient\u00edfics.\u00a0Cada classe va comen\u00e7ar el primer taller amb la seva professora.\u00a0A la meva classe vam comen\u00e7ar amb la M\u00edriam.<br \/>\n&nbsp;<br \/>\nLa pregunta que ens vam fer va ser la seg\u00fcent:\u00a0\u201cPer qu\u00e8&hellip;  <a href=\"https:\/\/agora.xtec.cat\/esc-teresabergada\/blocs-de-primaria\/6e\/tallers-cientifics-3\/\" title=\"Read TALLERS CIENT\u00cdFICS\">Llegeix m\u00e9s\u00bb<\/a><\/p>\n","protected":false},"author":28,"featured_media":10364,"comment_status":"open","ping_status":"closed","sticky":false,"template":"","format":"standard","meta":{"_bbp_topic_count":0,"_bbp_reply_count":0,"_bbp_total_topic_count":0,"_bbp_total_reply_count":0,"_bbp_voice_count":0,"_bbp_anonymous_reply_count":0,"_bbp_topic_count_hidden":0,"_bbp_reply_count_hidden":0,"_bbp_forum_subforum_count":0,"footnotes":""},"categories":[240],"tags":[],"class_list":["post-10363","post","type-post","status-publish","format-standard","has-post-thumbnail","hentry","category-6e"],"post_mailing_queue_ids":[],"_links":{"self":[{"href":"https:\/\/agora.xtec.cat\/esc-teresabergada\/wp-json\/wp\/v2\/posts\/10363","targetHints":{"allow":["GET"]}}],"collection":[{"href":"https:\/\/agora.xtec.cat\/esc-teresabergada\/wp-json\/wp\/v2\/posts"}],"about":[{"href":"https:\/\/agora.xtec.cat\/esc-teresabergada\/wp-json\/wp\/v2\/types\/post"}],"author":[{"embeddable":true,"href":"https:\/\/agora.xtec.cat\/esc-teresabergada\/wp-json\/wp\/v2\/users\/28"}],"replies":[{"embeddable":true,"href":"https:\/\/agora.xtec.cat\/esc-teresabergada\/wp-json\/wp\/v2\/comments?post=10363"}],"version-history":[{"count":3,"href":"https:\/\/agora.xtec.cat\/esc-teresabergada\/wp-json\/wp\/v2\/posts\/10363\/revisions"}],"predecessor-version":[{"id":10909,"href":"https:\/\/agora.xtec.cat\/esc-teresabergada\/wp-json\/wp\/v2\/posts\/10363\/revisions\/10909"}],"wp:featuredmedia":[{"embeddable":true,"href":"https:\/\/agora.xtec.cat\/esc-teresabergada\/wp-json\/wp\/v2\/media\/10364"}],"wp:attachment":[{"href":"https:\/\/agora.xtec.cat\/esc-teresabergada\/wp-json\/wp\/v2\/media?parent=10363"}],"wp:term":[{"taxonomy":"category","embeddable":true,"href":"https:\/\/agora.xtec.cat\/esc-teresabergada\/wp-json\/wp\/v2\/categories?post=10363"},{"taxonomy":"post_tag","embeddable":true,"href":"https:\/\/agora.xtec.cat\/esc-teresabergada\/wp-json\/wp\/v2\/tags?post=10363"}],"curies":[{"name":"wp","href":"https:\/\/api.w.org\/{rel}","templated":true}]}}