{"id":10337,"date":"2022-03-02T20:11:51","date_gmt":"2022-03-02T19:11:51","guid":{"rendered":"https:\/\/agora.xtec.cat\/esc-teresabergada\/?p=10337"},"modified":"2022-03-02T20:25:49","modified_gmt":"2022-03-02T19:25:49","slug":"tallers-cientifics-4","status":"publish","type":"post","link":"https:\/\/agora.xtec.cat\/esc-teresabergada\/general\/tallers-cientifics-4\/","title":{"rendered":"Tallers cient\u00edfics"},"content":{"rendered":"<p>A la nostra escola, el mes de Febrer,\u00a0 ha estat un mes CIENT\u00cdFIC!<\/p>\n<p>Ens hen posat a la pell dels qui es fan preguntes, les segueixen amb les hip\u00f2tesis\u00a0 i intenten demostrar-ho mitjan\u00e7ant els experiments.<\/p>\n<p>A cicle Inicial, ja hem vist quina relaci\u00f3 hi ha entre la for\u00e7a de l&#8217;aigua i el fet de poder engegar un llum. Tamb\u00e9, de com la llum i els colors ajuden a que les superf\u00edcies s&#8217;escalfin m\u00e9s o menys. I aquesta \u00faltima setmana, hem buscat quina m\u00e0quina simple podem utilitzar en problemes quotidians com el poder mesurar la mateixa quantitat de terra, o veure que estem envoltats de materials molt diversos, i que uns s\u00f3n naturals i d&#8217;altres manipulats o artificials.<\/p>\n<p><a href=\"https:\/\/drive.google.com\/drive\/folders\/1S2Fy2VImOYDFhpBpzZ4hvICx9ztlTlwX\">LA FOR\u00c7A DE L&#8217;AIGUA<\/a><\/p>\n<p><a href=\"https:\/\/drive.google.com\/drive\/u\/0\/folders\/100LEkFZxWzSj-G1eXNk2mhcs641myxi-\">FOTOS TALLERS LA REFRACCI\u00d3 DE LA LLUM<\/a><\/p>\n<p><a href=\"https:\/\/drive.google.com\/drive\/u\/0\/folders\/1FweMaWszdi-EXfakWKMmM8PQj_V8o-Vy\">M\u00c0QUINES QUE ENS AJUDEN<\/a><\/p>\n<p><a href=\"https:\/\/drive.google.com\/drive\/u\/0\/folders\/18-25TKeXRYnqGtrfYBkFs0NAJRbymvy9\">DE QU\u00c8 ESTA FET<\/a><\/p>\n","protected":false},"excerpt":{"rendered":"<p>A la nostra escola, el mes de Febrer,\u00a0 ha estat un mes CIENT\u00cdFIC!<br \/>\nEns hen posat a la pell dels qui es fan preguntes, les segueixen amb les hip\u00f2tesis\u00a0 i intenten demostrar-ho mitjan\u00e7ant els experiments.<br \/>\nA cicle Inicial, ja hem vist quina relaci\u00f3 hi ha entre la&hellip;  <a href=\"https:\/\/agora.xtec.cat\/esc-teresabergada\/general\/tallers-cientifics-4\/\" title=\"Read Tallers cient\u00edfics\">Llegeix m\u00e9s\u00bb<\/a><\/p>\n","protected":false},"author":16,"featured_media":10456,"comment_status":"open","ping_status":"closed","sticky":false,"template":"","format":"standard","meta":{"_bbp_topic_count":0,"_bbp_reply_count":0,"_bbp_total_topic_count":0,"_bbp_total_reply_count":0,"_bbp_voice_count":0,"_bbp_anonymous_reply_count":0,"_bbp_topic_count_hidden":0,"_bbp_reply_count_hidden":0,"_bbp_forum_subforum_count":0,"footnotes":""},"categories":[348,153,1],"tags":[135,605,604,606,172,220],"class_list":["post-10337","post","type-post","status-publish","format-standard","has-post-thumbnail","hentry","category-1r","category-2n","category-general","tag-cicle-inicial","tag-eines-i-maquines","tag-experimentacio","tag-hipotesi","tag-medi","tag-tallers-cientifics"],"post_mailing_queue_ids":[],"_links":{"self":[{"href":"https:\/\/agora.xtec.cat\/esc-teresabergada\/wp-json\/wp\/v2\/posts\/10337","targetHints":{"allow":["GET"]}}],"collection":[{"href":"https:\/\/agora.xtec.cat\/esc-teresabergada\/wp-json\/wp\/v2\/posts"}],"about":[{"href":"https:\/\/agora.xtec.cat\/esc-teresabergada\/wp-json\/wp\/v2\/types\/post"}],"author":[{"embeddable":true,"href":"https:\/\/agora.xtec.cat\/esc-teresabergada\/wp-json\/wp\/v2\/users\/16"}],"replies":[{"embeddable":true,"href":"https:\/\/agora.xtec.cat\/esc-teresabergada\/wp-json\/wp\/v2\/comments?post=10337"}],"version-history":[{"count":2,"href":"https:\/\/agora.xtec.cat\/esc-teresabergada\/wp-json\/wp\/v2\/posts\/10337\/revisions"}],"predecessor-version":[{"id":10455,"href":"https:\/\/agora.xtec.cat\/esc-teresabergada\/wp-json\/wp\/v2\/posts\/10337\/revisions\/10455"}],"wp:featuredmedia":[{"embeddable":true,"href":"https:\/\/agora.xtec.cat\/esc-teresabergada\/wp-json\/wp\/v2\/media\/10456"}],"wp:attachment":[{"href":"https:\/\/agora.xtec.cat\/esc-teresabergada\/wp-json\/wp\/v2\/media?parent=10337"}],"wp:term":[{"taxonomy":"category","embeddable":true,"href":"https:\/\/agora.xtec.cat\/esc-teresabergada\/wp-json\/wp\/v2\/categories?post=10337"},{"taxonomy":"post_tag","embeddable":true,"href":"https:\/\/agora.xtec.cat\/esc-teresabergada\/wp-json\/wp\/v2\/tags?post=10337"}],"curies":[{"name":"wp","href":"https:\/\/api.w.org\/{rel}","templated":true}]}}