{"id":10323,"date":"2022-02-11T09:39:45","date_gmt":"2022-02-11T08:39:45","guid":{"rendered":"https:\/\/agora.xtec.cat\/esc-teresabergada\/?p=10323"},"modified":"2022-02-11T09:41:12","modified_gmt":"2022-02-11T08:41:12","slug":"ultima-setmana-del-trimestre-confinada","status":"publish","type":"post","link":"https:\/\/agora.xtec.cat\/esc-teresabergada\/general\/ultima-setmana-del-trimestre-confinada\/","title":{"rendered":"\u00daLTIMA SETMANA DEL TRIMESTRE CONFINADA"},"content":{"rendered":"<p style=\"text-align: justify\">Els \u00faltims tres dies del primer trimestre no vaig poder venir a classes ja que estava confinada perqu\u00e8 una companya d&#8217;una activitat extraescolar va donar positiu. Aix\u00f3 va fer que hagu\u00e9s de treballar des de casa amb una aplicaci\u00f3 que es diu classroom. La senyoreta ens va enviar un correu on deia els deures qu\u00e8 haviem de fer.<\/p>\n<p style=\"text-align: justify\">Jo durant el confinament m&#8217;avorria una mica perqu\u00e8 volia estar amb els meus amics i amigues per\u00f2 per sort em vaig fer una PCR i vaig donar negatiu.<\/p>\n<p style=\"text-align: justify\">Ara som al febrer i des d&#8217;ahir dijous dia 10 ja podem anar sense mascareta al pati. Aquesta \u00e9s una de les \u00faltimes restriccions que han tret a tot Catalunya i els nens i nenes estem molt contents i contentes.<\/p>\n<p>Martina<\/p>\n<p><img loading=\"lazy\" decoding=\"async\" class=\"size-medium wp-image-10326 aligncenter\" src=\"https:\/\/agora.xtec.cat\/esc-teresabergada\/wp-content\/uploads\/usu1533\/2022\/02\/classroom-feat-1-300x169.jpg\" alt=\"\" width=\"300\" height=\"169\" srcset=\"https:\/\/agora.xtec.cat\/esc-teresabergada\/wp-content\/uploads\/usu1533\/2022\/02\/classroom-feat-1-300x169.jpg 300w, https:\/\/agora.xtec.cat\/esc-teresabergada\/wp-content\/uploads\/usu1533\/2022\/02\/classroom-feat-1-1024x575.jpg 1024w, https:\/\/agora.xtec.cat\/esc-teresabergada\/wp-content\/uploads\/usu1533\/2022\/02\/classroom-feat-1-768x431.jpg 768w, https:\/\/agora.xtec.cat\/esc-teresabergada\/wp-content\/uploads\/usu1533\/2022\/02\/classroom-feat-1.jpg 1328w\" sizes=\"auto, (max-width: 300px) 100vw, 300px\" \/><\/p>\n","protected":false},"excerpt":{"rendered":"<p>Els \u00faltims tres dies del primer trimestre no vaig poder venir a classes ja que estava confinada perqu\u00e8 una companya d&#8217;una activitat extraescolar va donar positiu. Aix\u00f3 va fer que hagu\u00e9s de treballar des de casa amb una aplicaci\u00f3 que es diu classroom. La senyoreta&hellip;  <a href=\"https:\/\/agora.xtec.cat\/esc-teresabergada\/general\/ultima-setmana-del-trimestre-confinada\/\" title=\"Read \u00daLTIMA SETMANA DEL TRIMESTRE CONFINADA\">Llegeix m\u00e9s\u00bb<\/a><\/p>\n","protected":false},"author":32,"featured_media":10325,"comment_status":"open","ping_status":"closed","sticky":false,"template":"","format":"standard","meta":{"_bbp_topic_count":0,"_bbp_reply_count":0,"_bbp_total_topic_count":0,"_bbp_total_reply_count":0,"_bbp_voice_count":0,"_bbp_anonymous_reply_count":0,"_bbp_topic_count_hidden":0,"_bbp_reply_count_hidden":0,"_bbp_forum_subforum_count":0,"footnotes":""},"categories":[349,1],"tags":[523],"class_list":["post-10323","post","type-post","status-publish","format-standard","has-post-thumbnail","hentry","category-5e","category-general","tag-redactoriredactoradelblog"],"post_mailing_queue_ids":[],"_links":{"self":[{"href":"https:\/\/agora.xtec.cat\/esc-teresabergada\/wp-json\/wp\/v2\/posts\/10323","targetHints":{"allow":["GET"]}}],"collection":[{"href":"https:\/\/agora.xtec.cat\/esc-teresabergada\/wp-json\/wp\/v2\/posts"}],"about":[{"href":"https:\/\/agora.xtec.cat\/esc-teresabergada\/wp-json\/wp\/v2\/types\/post"}],"author":[{"embeddable":true,"href":"https:\/\/agora.xtec.cat\/esc-teresabergada\/wp-json\/wp\/v2\/users\/32"}],"replies":[{"embeddable":true,"href":"https:\/\/agora.xtec.cat\/esc-teresabergada\/wp-json\/wp\/v2\/comments?post=10323"}],"version-history":[{"count":3,"href":"https:\/\/agora.xtec.cat\/esc-teresabergada\/wp-json\/wp\/v2\/posts\/10323\/revisions"}],"predecessor-version":[{"id":10328,"href":"https:\/\/agora.xtec.cat\/esc-teresabergada\/wp-json\/wp\/v2\/posts\/10323\/revisions\/10328"}],"wp:featuredmedia":[{"embeddable":true,"href":"https:\/\/agora.xtec.cat\/esc-teresabergada\/wp-json\/wp\/v2\/media\/10325"}],"wp:attachment":[{"href":"https:\/\/agora.xtec.cat\/esc-teresabergada\/wp-json\/wp\/v2\/media?parent=10323"}],"wp:term":[{"taxonomy":"category","embeddable":true,"href":"https:\/\/agora.xtec.cat\/esc-teresabergada\/wp-json\/wp\/v2\/categories?post=10323"},{"taxonomy":"post_tag","embeddable":true,"href":"https:\/\/agora.xtec.cat\/esc-teresabergada\/wp-json\/wp\/v2\/tags?post=10323"}],"curies":[{"name":"wp","href":"https:\/\/api.w.org\/{rel}","templated":true}]}}