{"id":10320,"date":"2022-02-14T20:12:47","date_gmt":"2022-02-14T19:12:47","guid":{"rendered":"https:\/\/agora.xtec.cat\/esc-teresabergada\/?p=10320"},"modified":"2022-07-11T11:39:44","modified_gmt":"2022-07-11T09:39:44","slug":"participacio-de-cicle-superior-en-concursos-literaris","status":"publish","type":"post","link":"https:\/\/agora.xtec.cat\/esc-teresabergada\/general\/participacio-de-cicle-superior-en-concursos-literaris\/","title":{"rendered":"PARTICIPACI\u00d3 DE CS EN CONCURSOS LITERARIS"},"content":{"rendered":"<p style=\"text-align: justify;\">Amb els t\u00edtols <strong><em>La Lluna i la seva iaia<\/em><\/strong>, de la Lua Gonzalez i <strong><em>Millors amics<\/em><\/strong>, del Pau Rosell aquests dos alumnes de cinqu\u00e8 han participat aquest any en el <strong>XIX Premi Pilar\u00edn Bay\u00e9s<\/strong>.<\/p>\n<p style=\"text-align: justify;\">En aquesta edici\u00f3 de contes escrits per nenes i nens, la tem\u00e0tica ha estat: <em>La salut mental, benestar emocional de grans i petits. <\/em>La intenci\u00f3 \u00e9s ben clara: trencar els estigmes que pesen sobre el tema i donar llum a trav\u00e9s de les hist\u00f2ries dels infants. Ser\u00e0 per la diada de Sant Jordi quan el jurat comuniqui als centres els contes guanyadors. Desitgem molta sort a tots dos.<\/p>\n<p>&nbsp;<\/p>\n<p style=\"text-align: justify;\">A cicle superior tamb\u00e9 tenim dos finalistes per al <strong>XVIII Certamen de Lectura en Veu Alta<\/strong>, la Mariona Farr\u00e9 i el Pau Rosell.Tots dos participaran en la categoria Grumets Verds amb fragments de lectura del llibre d&#8217;en LLu\u00eds Prats titulat <em>Estimat monstre<\/em>.<\/p>\n<p style=\"text-align: justify;\">Aquest any, per motius sanitaris, la Semifinal del Segri\u00e0 tampoc podr\u00e0 fer-se de manera presencial. Els nostres alumnes s&#8217;enregistraran en v\u00eddeo a la nostra escola el dia 7 de mar\u00e7 i farem arribar la gravaci\u00f3 al jurat de l&#8217;organitzaci\u00f3. Ser\u00e0 el dia 18 de mar\u00e7 quan tindrem el veredicte del jurat. Els volem desitjar molta sort i agrair la seva participaci\u00f3.<\/p>\n<p>&nbsp;<\/p>\n<p>Cicle Superior<\/p>\n","protected":false},"excerpt":{"rendered":"<p>Amb els t\u00edtols La Lluna i la seva iaia, de la Lua Gonzalez i Millors amics, del Pau Rosell aquests dos alumnes de cinqu\u00e8 han participat aquest any en el XIX Premi Pilar\u00edn Bay\u00e9s.<br \/>\nEn aquesta edici\u00f3 de contes escrits per nenes i nens, la tem\u00e0tica&hellip;  <a href=\"https:\/\/agora.xtec.cat\/esc-teresabergada\/general\/participacio-de-cicle-superior-en-concursos-literaris\/\" title=\"Read PARTICIPACI\u00d3 DE CS EN CONCURSOS LITERARIS\">Llegeix m\u00e9s\u00bb<\/a><\/p>\n","protected":false},"author":32,"featured_media":0,"comment_status":"open","ping_status":"closed","sticky":false,"template":"","format":"standard","meta":{"_bbp_topic_count":0,"_bbp_reply_count":0,"_bbp_total_topic_count":0,"_bbp_total_reply_count":0,"_bbp_voice_count":0,"_bbp_anonymous_reply_count":0,"_bbp_topic_count_hidden":0,"_bbp_reply_count_hidden":0,"_bbp_forum_subforum_count":0,"footnotes":""},"categories":[349,240,1],"tags":[],"class_list":["post-10320","post","type-post","status-publish","format-standard","hentry","category-5e","category-6e","category-general"],"post_mailing_queue_ids":[],"_links":{"self":[{"href":"https:\/\/agora.xtec.cat\/esc-teresabergada\/wp-json\/wp\/v2\/posts\/10320","targetHints":{"allow":["GET"]}}],"collection":[{"href":"https:\/\/agora.xtec.cat\/esc-teresabergada\/wp-json\/wp\/v2\/posts"}],"about":[{"href":"https:\/\/agora.xtec.cat\/esc-teresabergada\/wp-json\/wp\/v2\/types\/post"}],"author":[{"embeddable":true,"href":"https:\/\/agora.xtec.cat\/esc-teresabergada\/wp-json\/wp\/v2\/users\/32"}],"replies":[{"embeddable":true,"href":"https:\/\/agora.xtec.cat\/esc-teresabergada\/wp-json\/wp\/v2\/comments?post=10320"}],"version-history":[{"count":3,"href":"https:\/\/agora.xtec.cat\/esc-teresabergada\/wp-json\/wp\/v2\/posts\/10320\/revisions"}],"predecessor-version":[{"id":10910,"href":"https:\/\/agora.xtec.cat\/esc-teresabergada\/wp-json\/wp\/v2\/posts\/10320\/revisions\/10910"}],"wp:attachment":[{"href":"https:\/\/agora.xtec.cat\/esc-teresabergada\/wp-json\/wp\/v2\/media?parent=10320"}],"wp:term":[{"taxonomy":"category","embeddable":true,"href":"https:\/\/agora.xtec.cat\/esc-teresabergada\/wp-json\/wp\/v2\/categories?post=10320"},{"taxonomy":"post_tag","embeddable":true,"href":"https:\/\/agora.xtec.cat\/esc-teresabergada\/wp-json\/wp\/v2\/tags?post=10320"}],"curies":[{"name":"wp","href":"https:\/\/api.w.org\/{rel}","templated":true}]}}