{"id":10312,"date":"2022-02-05T20:52:35","date_gmt":"2022-02-05T19:52:35","guid":{"rendered":"https:\/\/agora.xtec.cat\/esc-teresabergada\/?p=10312"},"modified":"2022-02-05T20:57:34","modified_gmt":"2022-02-05T19:57:34","slug":"el-gust-per-la-paraula","status":"publish","type":"post","link":"https:\/\/agora.xtec.cat\/esc-teresabergada\/general\/el-gust-per-la-paraula\/","title":{"rendered":"EL GUST PER LA PARAULA"},"content":{"rendered":"<p style=\"text-align: justify\"><em>Quan llegiu un text per primera vegada, ho feu igual que quan el llegiu per tercera vegada? Creieu que \u00e9s important fer una primera lectura del text en silenci? Com creieu que podem saber quan hem de fer una pausa? Quins sons us costen m\u00e9s de pronunciar?\u00a0<\/em><\/p>\n<p><img loading=\"lazy\" decoding=\"async\" class=\"size-medium wp-image-10314 aligncenter\" src=\"https:\/\/agora.xtec.cat\/esc-teresabergada\/wp-content\/uploads\/usu1533\/2022\/02\/IMG_2912-300x225.jpg\" alt=\"\" width=\"300\" height=\"225\" \/><\/p>\n<p style=\"text-align: justify\">A la classe de cinqu\u00e8 B hem estat treballant el gust per la lectura compartida i en veu alta, conven\u00e7uts i conven\u00e7udes que les ganes de llegir es poden encomanar escoltant com una altra persona llegeix: escoltar, saber escoltar, saber llegir en veu alta i fer-ho&#8230;Aquest ha estat l&#8217;objectiu de la nostra classe.<\/p>\n<p style=\"text-align: justify\">I per fer-ho hem aprofitat un petit text del llibre de lectura <strong>&#8220;Aqua alta&#8221;<\/strong>, ens l&#8217;hem preparat amb moltes ganes i l&#8217;hem compartit a l&#8217;espai exterior de la nostra escola. Estem molt contents i contentes del resultat.<\/p>\n<p><iframe style=\"width: 100%;height: 100%;border: none;padding: 0;margin: 0\" src=\"https:\/\/www.canva.com\/design\/DAE3g_Do_9A\/watch?embed\"><br \/>\n<\/iframe><\/p>\n<p>CLASSE DE 5\u00c8 B<\/p>\n","protected":false},"excerpt":{"rendered":"<p>Quan llegiu un text per primera vegada, ho feu igual que quan el llegiu per tercera vegada? Creieu que \u00e9s important fer una primera lectura del text en silenci? Com creieu que podem saber quan hem de fer una pausa? Quins sons us costen m\u00e9s&hellip;  <a href=\"https:\/\/agora.xtec.cat\/esc-teresabergada\/general\/el-gust-per-la-paraula\/\" title=\"Read EL GUST PER LA PARAULA\">Llegeix m\u00e9s\u00bb<\/a><\/p>\n","protected":false},"author":32,"featured_media":0,"comment_status":"open","ping_status":"closed","sticky":false,"template":"","format":"standard","meta":{"_bbp_topic_count":0,"_bbp_reply_count":0,"_bbp_total_topic_count":0,"_bbp_total_reply_count":0,"_bbp_voice_count":0,"_bbp_anonymous_reply_count":0,"_bbp_topic_count_hidden":0,"_bbp_reply_count_hidden":0,"_bbp_forum_subforum_count":0,"footnotes":""},"categories":[1],"tags":[],"class_list":["post-10312","post","type-post","status-publish","format-standard","hentry","category-general"],"post_mailing_queue_ids":[],"_links":{"self":[{"href":"https:\/\/agora.xtec.cat\/esc-teresabergada\/wp-json\/wp\/v2\/posts\/10312","targetHints":{"allow":["GET"]}}],"collection":[{"href":"https:\/\/agora.xtec.cat\/esc-teresabergada\/wp-json\/wp\/v2\/posts"}],"about":[{"href":"https:\/\/agora.xtec.cat\/esc-teresabergada\/wp-json\/wp\/v2\/types\/post"}],"author":[{"embeddable":true,"href":"https:\/\/agora.xtec.cat\/esc-teresabergada\/wp-json\/wp\/v2\/users\/32"}],"replies":[{"embeddable":true,"href":"https:\/\/agora.xtec.cat\/esc-teresabergada\/wp-json\/wp\/v2\/comments?post=10312"}],"version-history":[{"count":3,"href":"https:\/\/agora.xtec.cat\/esc-teresabergada\/wp-json\/wp\/v2\/posts\/10312\/revisions"}],"predecessor-version":[{"id":10319,"href":"https:\/\/agora.xtec.cat\/esc-teresabergada\/wp-json\/wp\/v2\/posts\/10312\/revisions\/10319"}],"wp:attachment":[{"href":"https:\/\/agora.xtec.cat\/esc-teresabergada\/wp-json\/wp\/v2\/media?parent=10312"}],"wp:term":[{"taxonomy":"category","embeddable":true,"href":"https:\/\/agora.xtec.cat\/esc-teresabergada\/wp-json\/wp\/v2\/categories?post=10312"},{"taxonomy":"post_tag","embeddable":true,"href":"https:\/\/agora.xtec.cat\/esc-teresabergada\/wp-json\/wp\/v2\/tags?post=10312"}],"curies":[{"name":"wp","href":"https:\/\/api.w.org\/{rel}","templated":true}]}}