{"id":10292,"date":"2022-02-04T09:54:53","date_gmt":"2022-02-04T08:54:53","guid":{"rendered":"https:\/\/agora.xtec.cat\/esc-teresabergada\/?p=10292"},"modified":"2022-02-04T09:58:26","modified_gmt":"2022-02-04T08:58:26","slug":"noticies-a-la-classe-de-5e","status":"publish","type":"post","link":"https:\/\/agora.xtec.cat\/esc-teresabergada\/general\/noticies-a-la-classe-de-5e\/","title":{"rendered":"NOTIC\u00cdES A LA CLASSE DE 5\u00e8 A"},"content":{"rendered":"<p style=\"text-align: justify\">Tots els i les alumnes de cicle superior estem acabant el projecte del cos hum\u00e0 i alguns cursos estan preparant l&#8217;exposici\u00f3 per a les fam\u00edlies. D&#8217;aqu\u00ed poc comen\u00e7arem un nou projecte que ser\u00e0 el de LA TERRA.<\/p>\n<p style=\"text-align: justify\">A la nostra classe hem tingut\u00a0 un canvi de tutora, l&#8217;Ares Moreno ser\u00e0 la responsable de que aprenguem moltes coses durant la resta del curs.<\/p>\n<p><img loading=\"lazy\" decoding=\"async\" class=\"size-medium wp-image-10297 aligncenter\" src=\"https:\/\/agora.xtec.cat\/esc-teresabergada\/wp-content\/uploads\/usu1533\/2022\/02\/IMG_2905-300x225.jpg\" alt=\"\" width=\"300\" height=\"225\" \/><\/p>\n<p style=\"text-align: justify\">Durant aquest\u00a0 mes de febrer estem realitzant els tallers cient\u00edfics. Nosaltres, els nois i les noies de 5\u00e9 A hem fet amb la nostra tutora el taller de la pila titulat <em>Poden les piles emmagatzemar energia? <\/em>Les dues sesions\u00a0 han estat molt interessants i divertides, esperem que els altres tallers tamb\u00e9 ens ajudin a aprendre moltes coses.<\/p>\n<p><img loading=\"lazy\" decoding=\"async\" class=\"size-medium wp-image-10296 aligncenter\" src=\"https:\/\/agora.xtec.cat\/esc-teresabergada\/wp-content\/uploads\/usu1533\/2022\/02\/5b7ed59e-fec2-41d8-a78e-f0021179164f-1-300x225.jpg\" alt=\"\" width=\"300\" height=\"225\" \/><\/p>\n<p>Yassin Bouazza ElBellarh<\/p>\n","protected":false},"excerpt":{"rendered":"<p>Tots els i les alumnes de cicle superior estem acabant el projecte del cos hum\u00e0 i alguns cursos estan preparant l&#8217;exposici\u00f3 per a les fam\u00edlies. D&#8217;aqu\u00ed poc comen\u00e7arem un nou projecte que ser\u00e0 el de LA TERRA.<br \/>\nA la nostra classe hem tingut\u00a0 un canvi de&hellip;  <a href=\"https:\/\/agora.xtec.cat\/esc-teresabergada\/general\/noticies-a-la-classe-de-5e\/\" title=\"Read NOTIC\u00cdES A LA CLASSE DE 5\u00e8 A\">Llegeix m\u00e9s\u00bb<\/a><\/p>\n","protected":false},"author":32,"featured_media":8177,"comment_status":"open","ping_status":"closed","sticky":false,"template":"","format":"standard","meta":{"_bbp_topic_count":0,"_bbp_reply_count":0,"_bbp_total_topic_count":0,"_bbp_total_reply_count":0,"_bbp_voice_count":0,"_bbp_anonymous_reply_count":0,"_bbp_topic_count_hidden":0,"_bbp_reply_count_hidden":0,"_bbp_forum_subforum_count":0,"footnotes":""},"categories":[349,1],"tags":[523],"class_list":["post-10292","post","type-post","status-publish","format-standard","has-post-thumbnail","hentry","category-5e","category-general","tag-redactoriredactoradelblog"],"post_mailing_queue_ids":[],"_links":{"self":[{"href":"https:\/\/agora.xtec.cat\/esc-teresabergada\/wp-json\/wp\/v2\/posts\/10292","targetHints":{"allow":["GET"]}}],"collection":[{"href":"https:\/\/agora.xtec.cat\/esc-teresabergada\/wp-json\/wp\/v2\/posts"}],"about":[{"href":"https:\/\/agora.xtec.cat\/esc-teresabergada\/wp-json\/wp\/v2\/types\/post"}],"author":[{"embeddable":true,"href":"https:\/\/agora.xtec.cat\/esc-teresabergada\/wp-json\/wp\/v2\/users\/32"}],"replies":[{"embeddable":true,"href":"https:\/\/agora.xtec.cat\/esc-teresabergada\/wp-json\/wp\/v2\/comments?post=10292"}],"version-history":[{"count":3,"href":"https:\/\/agora.xtec.cat\/esc-teresabergada\/wp-json\/wp\/v2\/posts\/10292\/revisions"}],"predecessor-version":[{"id":10302,"href":"https:\/\/agora.xtec.cat\/esc-teresabergada\/wp-json\/wp\/v2\/posts\/10292\/revisions\/10302"}],"wp:featuredmedia":[{"embeddable":true,"href":"https:\/\/agora.xtec.cat\/esc-teresabergada\/wp-json\/wp\/v2\/media\/8177"}],"wp:attachment":[{"href":"https:\/\/agora.xtec.cat\/esc-teresabergada\/wp-json\/wp\/v2\/media?parent=10292"}],"wp:term":[{"taxonomy":"category","embeddable":true,"href":"https:\/\/agora.xtec.cat\/esc-teresabergada\/wp-json\/wp\/v2\/categories?post=10292"},{"taxonomy":"post_tag","embeddable":true,"href":"https:\/\/agora.xtec.cat\/esc-teresabergada\/wp-json\/wp\/v2\/tags?post=10292"}],"curies":[{"name":"wp","href":"https:\/\/api.w.org\/{rel}","templated":true}]}}