{"id":10289,"date":"2022-02-03T16:13:37","date_gmt":"2022-02-03T15:13:37","guid":{"rendered":"https:\/\/agora.xtec.cat\/esc-teresabergada\/?p=10289"},"modified":"2022-02-03T16:19:26","modified_gmt":"2022-02-03T15:19:26","slug":"denip-2022-el-banc-de-lamistat","status":"publish","type":"post","link":"https:\/\/agora.xtec.cat\/esc-teresabergada\/portada\/denip-2022-el-banc-de-lamistat\/","title":{"rendered":"DENIP 2022: El Banc de l&#8217;Amistat"},"content":{"rendered":"<p>Cada 30 de gener, des de 1964, se celebra el Dia Escolar de la No-viol\u00e8ncia i la Pau (DENIP), per commemorar l&#8217;aniversari de la mort de Mahatma Ghandi, i recordar el seu llegat: lluitar contra les injust\u00edcies sense utilitzar la viol\u00e8ncia.<\/p>\n<p>A la nostra escola vam celebrar aquesta diada el passat divendres 28 de gener, realitzant tallers a les diferents aules per treballar la No-viol\u00e8ncia i la Pau, a trav\u00e9s de mandales, m\u00fasica, creacions diverses, reflexions, &#8230;; i inaugurant el Banc de l&#8217;Amistat.<\/p>\n<p>Amb la seg\u00fcent carta present\u00e0vem aquest banc tan especial, que gaudirem al m\u00e0xim i en farem un bon \u00fas, tan bon punt h\u00e0gim pintat amb els colors de l&#8217;Arc de Sant Mart\u00ed, tal i com es va decidir en el Consell d&#8217;Infants:<\/p>\n<p style=\"padding-left: 80px; text-align: right;\"><em><span style=\"color: #cc99ff;\">Alguaire, 28 de gener de 2022<\/span><\/em><\/p>\n<p style=\"text-align: justify; padding-left: 80px;\"><em><span style=\"color: #cc99ff;\">Avui, que celebrem el <strong>Dia de la NO viol\u00e8ncia I la Pau<\/strong>, volem inaugurar aquest rac\u00f3 tan bonic, presidit per aquest banc: El Banc de l\u2019Amistat.<\/span><\/em><\/p>\n<p style=\"text-align: justify; padding-left: 80px;\"><em><span style=\"color: #cc99ff;\">La idea original del banc de l\u2019amistat va sorgir a Florida, als Estats Units, l\u2019any 2012, per\u00f2 el que realment \u00e9s important no \u00e9s pas ON, ni QUAN, sin\u00f3 per a quina finalitat va sorgir.<\/span><\/em><\/p>\n<p style=\"text-align: justify; padding-left: 80px;\"><em><span style=\"color: #cc99ff;\">Aquest no \u00e9s nom\u00e9s un banc, sin\u00f3 que \u00e9s un projecte de <strong>CONVIV\u00c8NCIA<\/strong>, d\u2019<strong>INCLUSI\u00d3<\/strong>, de <strong>COMPRENSI\u00d3<\/strong>, de <strong>SOMNIS<\/strong>, de <strong>VALORS<\/strong> i d\u2019<strong>AMOR<\/strong>. \u00c9s un banc disposat a ser <strong>orelles<\/strong> per qui necessiti explicar alguna cosa, <strong>boca<\/strong> per parlar amb qui necessiti desfogar-se, <strong>mediador<\/strong> en algun conflicte, <strong>bra\u00e7os<\/strong> quan siguin necess\u00e0ries abra\u00e7ades, <strong>companyia<\/strong> per alg\u00fa a qui li ha faltat el seu amic o la seva amiga de l\u2019\u00e0nima, o tamb\u00e9 <strong>seient<\/strong> per a nens i nenes que tenen algun problema. Tot sempre en sentit figurat, perqu\u00e8 haureu de ser <strong>VOSALTRES<\/strong>, la resta de companys i companyes, qui haureu d\u2019estar atents per poder gestionar aquestes situacions i apropar-vos <strong>a qui us necessiti<\/strong>. Qui sap si us ajudar\u00e0 a con\u00e8ixer nous amics i a crear nous vincles.<\/span><\/em><\/p>\n<p style=\"text-align: justify; padding-left: 80px;\"><em><span style=\"color: #cc99ff;\">Potser alguns de vosaltres coneixeu la hist\u00f2ria d\u2019<strong>\u201dEl petit pr\u00edncep\u201d<\/strong>. En un dels cap\u00edtols d\u2019aquest llibre, el protagonista explica que un dia va con\u00e8ixer una guineu. Era una guineu qualsevol, com tantes altres guineus que existeixen, per\u00f2 va acabar essent <strong>\u00fanica<\/strong> i <strong>especial<\/strong>, tan sols per haver-se conegut i haver-se donat l\u2019oportunitat de \u201cdomesticar-se\u201d l\u2019un a l\u2019altre i haver creat un nou lligam. TOTS TENIM AMICS PER DESCOBRIR I MOLTES COSES PER CON\u00c8IXER.<\/span><\/em><\/p>\n<p style=\"text-align: justify; padding-left: 80px;\"><em><span style=\"color: #cc99ff;\">Donem-nos aquesta oportunitat, i gaudim del Banc de l\u2019Amistat.<\/span><\/em><\/p>\n<p style=\"padding-left: 80px; text-align: right;\"><em><span style=\"color: #cc99ff;\">Escola Teresa Bergad\u00e0<\/span><\/em><\/p>\n<p><a href=\"https:\/\/photos.app.goo.gl\/Snxk6jJVRfbnMsMg9\"><img loading=\"lazy\" decoding=\"async\" class=\"aligncenter wp-image-10290 size-large\" src=\"https:\/\/agora.xtec.cat\/esc-teresabergada\/wp-content\/uploads\/usu1533\/2022\/02\/20220128_091119-1024x574.jpg\" alt=\"\" width=\"1024\" height=\"574\" srcset=\"https:\/\/agora.xtec.cat\/esc-teresabergada\/wp-content\/uploads\/usu1533\/2022\/02\/20220128_091119-1024x574.jpg 1024w, https:\/\/agora.xtec.cat\/esc-teresabergada\/wp-content\/uploads\/usu1533\/2022\/02\/20220128_091119-300x168.jpg 300w, https:\/\/agora.xtec.cat\/esc-teresabergada\/wp-content\/uploads\/usu1533\/2022\/02\/20220128_091119-768x430.jpg 768w, https:\/\/agora.xtec.cat\/esc-teresabergada\/wp-content\/uploads\/usu1533\/2022\/02\/20220128_091119-1536x861.jpg 1536w, https:\/\/agora.xtec.cat\/esc-teresabergada\/wp-content\/uploads\/usu1533\/2022\/02\/20220128_091119-2048x1148.jpg 2048w\" sizes=\"auto, (max-width: 1024px) 100vw, 1024px\" \/><\/a><\/p>\n<p>Si cliqueu a la imatge podreu veure un recull d&#8217;imatges d&#8217;aquest dia.<\/p>\n","protected":false},"excerpt":{"rendered":"<p>Cada 30 de gener, des de 1964, se celebra el Dia Escolar de la No-viol\u00e8ncia i la Pau (DENIP), per commemorar l&#8217;aniversari de la mort de Mahatma Ghandi, i recordar el seu llegat: lluitar contra les injust\u00edcies sense utilitzar la viol\u00e8ncia.<br \/>\nA la nostra escola vam&hellip;  <a href=\"https:\/\/agora.xtec.cat\/esc-teresabergada\/portada\/denip-2022-el-banc-de-lamistat\/\" title=\"Read DENIP 2022: El Banc de l&#8217;Amistat\">Llegeix m\u00e9s\u00bb<\/a><\/p>\n","protected":false},"author":1,"featured_media":10290,"comment_status":"open","ping_status":"closed","sticky":false,"template":"","format":"standard","meta":{"_bbp_topic_count":0,"_bbp_reply_count":0,"_bbp_total_topic_count":0,"_bbp_total_reply_count":0,"_bbp_voice_count":0,"_bbp_anonymous_reply_count":0,"_bbp_topic_count_hidden":0,"_bbp_reply_count_hidden":0,"_bbp_forum_subforum_count":0,"footnotes":""},"categories":[4],"tags":[602,395],"class_list":["post-10289","post","type-post","status-publish","format-standard","has-post-thumbnail","hentry","category-portada","tag-banc-de-lamistat","tag-denip"],"post_mailing_queue_ids":[],"_links":{"self":[{"href":"https:\/\/agora.xtec.cat\/esc-teresabergada\/wp-json\/wp\/v2\/posts\/10289","targetHints":{"allow":["GET"]}}],"collection":[{"href":"https:\/\/agora.xtec.cat\/esc-teresabergada\/wp-json\/wp\/v2\/posts"}],"about":[{"href":"https:\/\/agora.xtec.cat\/esc-teresabergada\/wp-json\/wp\/v2\/types\/post"}],"author":[{"embeddable":true,"href":"https:\/\/agora.xtec.cat\/esc-teresabergada\/wp-json\/wp\/v2\/users\/1"}],"replies":[{"embeddable":true,"href":"https:\/\/agora.xtec.cat\/esc-teresabergada\/wp-json\/wp\/v2\/comments?post=10289"}],"version-history":[{"count":1,"href":"https:\/\/agora.xtec.cat\/esc-teresabergada\/wp-json\/wp\/v2\/posts\/10289\/revisions"}],"predecessor-version":[{"id":10291,"href":"https:\/\/agora.xtec.cat\/esc-teresabergada\/wp-json\/wp\/v2\/posts\/10289\/revisions\/10291"}],"wp:featuredmedia":[{"embeddable":true,"href":"https:\/\/agora.xtec.cat\/esc-teresabergada\/wp-json\/wp\/v2\/media\/10290"}],"wp:attachment":[{"href":"https:\/\/agora.xtec.cat\/esc-teresabergada\/wp-json\/wp\/v2\/media?parent=10289"}],"wp:term":[{"taxonomy":"category","embeddable":true,"href":"https:\/\/agora.xtec.cat\/esc-teresabergada\/wp-json\/wp\/v2\/categories?post=10289"},{"taxonomy":"post_tag","embeddable":true,"href":"https:\/\/agora.xtec.cat\/esc-teresabergada\/wp-json\/wp\/v2\/tags?post=10289"}],"curies":[{"name":"wp","href":"https:\/\/api.w.org\/{rel}","templated":true}]}}