{"id":10286,"date":"2022-06-07T07:19:40","date_gmt":"2022-06-07T05:19:40","guid":{"rendered":"https:\/\/agora.xtec.cat\/esc-teresabergada\/?p=10286"},"modified":"2022-06-07T07:19:40","modified_gmt":"2022-06-07T05:19:40","slug":"la-linia-de-la-vida-de-la-gala","status":"publish","type":"post","link":"https:\/\/agora.xtec.cat\/esc-teresabergada\/infantil\/i4\/la-linia-de-la-vida-de-la-gala\/","title":{"rendered":"La L\u00ednia de la vida de la Gala"},"content":{"rendered":"<p>La Gala i la Thais van presentar la L\u00ednia de la vida, farcida de bons moments. &#8220;El dia m\u00e9s feli\u00e7 de les nostres vides&#8221;, quan va arribar la Gala a les seves vides.<\/p>\n<p>Una L\u00ednia amb fotos de pel\u00b7l\u00edcula: naixement, primers Carnestoltes, aniversaris, amics, Soca, Pare Noel, Nadal,\u00a0 cap d&#8217;any, vacances mar-muntanya, el primer viatge en avi\u00f3 anant a veure els padrins de Mallorca, jugant amb la xocolata dins d&#8217;una olla, el pare disfressant-se,&#8230; Moments especials com el casament amb un anyet de la Gala i el naixement de la Vega. Tot plegat, superant l&#8217;abs\u00e8ncia del pare degut al confinament de dos mesos i mig. Tot explicat amb molta emoci\u00f3 i il\u00b7lusi\u00f3. Gr\u00e0cies per la bona explicaci\u00f3 i per obrir el cor.<\/p>\n<p><a href=\"https:\/\/drive.google.com\/drive\/folders\/1oioyeSp6X1pun8UTq8Gvcuo4m-QAj5Tz?usp=sharing\"><img loading=\"lazy\" decoding=\"async\" class=\"alignnone wp-image-10287\" src=\"https:\/\/agora.xtec.cat\/esc-teresabergada\/wp-content\/uploads\/usu1533\/2022\/02\/IMG_20220117_155556-2-1024x638.jpg\" alt=\"\" width=\"494\" height=\"308\" \/><\/a><\/p>\n","protected":false},"excerpt":{"rendered":"<p>La Gala i la Thais van presentar la L\u00ednia de la vida, farcida de bons moments. &#8220;El dia m\u00e9s feli\u00e7 de les nostres vides&#8221;, quan va arribar la Gala a les seves vides.<br \/>\nUna L\u00ednia amb fotos de pel\u00b7l\u00edcula: naixement, primers Carnestoltes, aniversaris, amics, Soca, Pare&hellip;  <a href=\"https:\/\/agora.xtec.cat\/esc-teresabergada\/infantil\/i4\/la-linia-de-la-vida-de-la-gala\/\" title=\"Read La L\u00ednia de la vida de la Gala\">Llegeix m\u00e9s\u00bb<\/a><\/p>\n","protected":false},"author":12,"featured_media":9977,"comment_status":"open","ping_status":"closed","sticky":false,"template":"","format":"standard","meta":{"_bbp_topic_count":0,"_bbp_reply_count":0,"_bbp_total_topic_count":0,"_bbp_total_reply_count":0,"_bbp_voice_count":0,"_bbp_anonymous_reply_count":0,"_bbp_topic_count_hidden":0,"_bbp_reply_count_hidden":0,"_bbp_forum_subforum_count":0,"footnotes":""},"categories":[236],"tags":[121,595],"class_list":["post-10286","post","type-post","status-publish","format-standard","has-post-thumbnail","hentry","category-i4","tag-educacio-infantil","tag-linia-de-la-vida"],"post_mailing_queue_ids":[],"_links":{"self":[{"href":"https:\/\/agora.xtec.cat\/esc-teresabergada\/wp-json\/wp\/v2\/posts\/10286","targetHints":{"allow":["GET"]}}],"collection":[{"href":"https:\/\/agora.xtec.cat\/esc-teresabergada\/wp-json\/wp\/v2\/posts"}],"about":[{"href":"https:\/\/agora.xtec.cat\/esc-teresabergada\/wp-json\/wp\/v2\/types\/post"}],"author":[{"embeddable":true,"href":"https:\/\/agora.xtec.cat\/esc-teresabergada\/wp-json\/wp\/v2\/users\/12"}],"replies":[{"embeddable":true,"href":"https:\/\/agora.xtec.cat\/esc-teresabergada\/wp-json\/wp\/v2\/comments?post=10286"}],"version-history":[{"count":3,"href":"https:\/\/agora.xtec.cat\/esc-teresabergada\/wp-json\/wp\/v2\/posts\/10286\/revisions"}],"predecessor-version":[{"id":10780,"href":"https:\/\/agora.xtec.cat\/esc-teresabergada\/wp-json\/wp\/v2\/posts\/10286\/revisions\/10780"}],"wp:featuredmedia":[{"embeddable":true,"href":"https:\/\/agora.xtec.cat\/esc-teresabergada\/wp-json\/wp\/v2\/media\/9977"}],"wp:attachment":[{"href":"https:\/\/agora.xtec.cat\/esc-teresabergada\/wp-json\/wp\/v2\/media?parent=10286"}],"wp:term":[{"taxonomy":"category","embeddable":true,"href":"https:\/\/agora.xtec.cat\/esc-teresabergada\/wp-json\/wp\/v2\/categories?post=10286"},{"taxonomy":"post_tag","embeddable":true,"href":"https:\/\/agora.xtec.cat\/esc-teresabergada\/wp-json\/wp\/v2\/tags?post=10286"}],"curies":[{"name":"wp","href":"https:\/\/api.w.org\/{rel}","templated":true}]}}