{"id":10276,"date":"2022-01-30T23:43:34","date_gmt":"2022-01-30T22:43:34","guid":{"rendered":"https:\/\/agora.xtec.cat\/esc-teresabergada\/?p=10276"},"modified":"2022-01-30T23:43:34","modified_gmt":"2022-01-30T22:43:34","slug":"la-linia-de-la-vida-de-lanays","status":"publish","type":"post","link":"https:\/\/agora.xtec.cat\/esc-teresabergada\/infantil\/i4\/la-linia-de-la-vida-de-lanays\/","title":{"rendered":"La L\u00ednia de la vida de l&#8217;Anays"},"content":{"rendered":"<p>L&#8217;Anays ha gaudit de la presentaci\u00f3 de la seva L\u00ednia de la vida. La seva mare, Alyna, l&#8217;ha\u00a0 ajudat a fer l&#8217;exlicaci\u00f3. Van triar una l\u00ednia senzilla amb poquetes fotos per\u00f2 clares i f\u00e0cils d&#8217;explicar. Comen\u00e7a amb la foto de quan era recent nascuda i es veu com va creixent al llarg dels anys. Van passant fins que arriba al moment actual. Moltes gr\u00e0cies per venir les dues a fer l&#8217;explicaci\u00f3.<\/p>\n<p><a href=\"https:\/\/drive.google.com\/drive\/folders\/1vr1Z-OSk907sNGMeWj99Ae-4ysub3ZHp?usp=sharing\"><img loading=\"lazy\" decoding=\"async\" class=\"alignnone wp-image-10277\" src=\"https:\/\/agora.xtec.cat\/esc-teresabergada\/wp-content\/uploads\/usu1533\/2022\/01\/Anays-1024x768.jpg\" alt=\"\" width=\"375\" height=\"281\" \/><\/a><\/p>\n","protected":false},"excerpt":{"rendered":"<p>L&#8217;Anays ha gaudit de la presentaci\u00f3 de la seva L\u00ednia de la vida. La seva mare, Alyna, l&#8217;ha\u00a0 ajudat a fer l&#8217;exlicaci\u00f3. Van triar una l\u00ednia senzilla amb poquetes fotos per\u00f2 clares i f\u00e0cils d&#8217;explicar. Comen\u00e7a amb la foto de quan era recent nascuda i&hellip;  <a href=\"https:\/\/agora.xtec.cat\/esc-teresabergada\/infantil\/i4\/la-linia-de-la-vida-de-lanays\/\" title=\"Read La L\u00ednia de la vida de l&#8217;Anays\">Llegeix m\u00e9s\u00bb<\/a><\/p>\n","protected":false},"author":12,"featured_media":9977,"comment_status":"open","ping_status":"closed","sticky":false,"template":"","format":"standard","meta":{"_bbp_topic_count":0,"_bbp_reply_count":0,"_bbp_total_topic_count":0,"_bbp_total_reply_count":0,"_bbp_voice_count":0,"_bbp_anonymous_reply_count":0,"_bbp_topic_count_hidden":0,"_bbp_reply_count_hidden":0,"_bbp_forum_subforum_count":0,"footnotes":""},"categories":[236],"tags":[121,595],"class_list":["post-10276","post","type-post","status-publish","format-standard","has-post-thumbnail","hentry","category-i4","tag-educacio-infantil","tag-linia-de-la-vida"],"post_mailing_queue_ids":[],"_links":{"self":[{"href":"https:\/\/agora.xtec.cat\/esc-teresabergada\/wp-json\/wp\/v2\/posts\/10276","targetHints":{"allow":["GET"]}}],"collection":[{"href":"https:\/\/agora.xtec.cat\/esc-teresabergada\/wp-json\/wp\/v2\/posts"}],"about":[{"href":"https:\/\/agora.xtec.cat\/esc-teresabergada\/wp-json\/wp\/v2\/types\/post"}],"author":[{"embeddable":true,"href":"https:\/\/agora.xtec.cat\/esc-teresabergada\/wp-json\/wp\/v2\/users\/12"}],"replies":[{"embeddable":true,"href":"https:\/\/agora.xtec.cat\/esc-teresabergada\/wp-json\/wp\/v2\/comments?post=10276"}],"version-history":[{"count":2,"href":"https:\/\/agora.xtec.cat\/esc-teresabergada\/wp-json\/wp\/v2\/posts\/10276\/revisions"}],"predecessor-version":[{"id":10279,"href":"https:\/\/agora.xtec.cat\/esc-teresabergada\/wp-json\/wp\/v2\/posts\/10276\/revisions\/10279"}],"wp:featuredmedia":[{"embeddable":true,"href":"https:\/\/agora.xtec.cat\/esc-teresabergada\/wp-json\/wp\/v2\/media\/9977"}],"wp:attachment":[{"href":"https:\/\/agora.xtec.cat\/esc-teresabergada\/wp-json\/wp\/v2\/media?parent=10276"}],"wp:term":[{"taxonomy":"category","embeddable":true,"href":"https:\/\/agora.xtec.cat\/esc-teresabergada\/wp-json\/wp\/v2\/categories?post=10276"},{"taxonomy":"post_tag","embeddable":true,"href":"https:\/\/agora.xtec.cat\/esc-teresabergada\/wp-json\/wp\/v2\/tags?post=10276"}],"curies":[{"name":"wp","href":"https:\/\/api.w.org\/{rel}","templated":true}]}}