{"id":10268,"date":"2022-01-25T16:27:56","date_gmt":"2022-01-25T15:27:56","guid":{"rendered":"https:\/\/agora.xtec.cat\/esc-teresabergada\/?p=10268"},"modified":"2022-07-11T10:55:14","modified_gmt":"2022-07-11T08:55:14","slug":"amics-i-amigues-invisibles","status":"publish","type":"post","link":"https:\/\/agora.xtec.cat\/esc-teresabergada\/blocs-de-primaria\/6e\/amics-i-amigues-invisibles\/","title":{"rendered":"AMICS I AMIGUES INVISIBLES!"},"content":{"rendered":"<p style=\"text-align: justify\"><span style=\"font-weight: 400\">L\u201911 de gener del 2022 vam fer l\u2019amic\/amiga invisible a la classe de 6\u00e8B. <\/span><span style=\"font-weight: 400\">No el vam poder fer l\u2019\u00faltim dia de trimestre perqu\u00e8 est\u00e0vem confinats, aix\u00ed que ho vam fer al tornar.<\/span><\/p>\n<p style=\"text-align: justify\"><span style=\"font-weight: 400\">Vam rebre un regal cadasc\u00fa. La veritat \u00e9s que tots van estar molt b\u00e9! Van ser regals bonics i especials. El preu m\u00e0xim que ens pod\u00edem gastar eren 3\u20ac per\u00f2 no era obligatori ja que tamb\u00e9 pod\u00edem fer alguna manualitat. Gaireb\u00e9 <\/span><span style=\"font-weight: 400\">tots els regals van ser grans, tret d\u2019algun m\u00e9s petit, per\u00f2 la mida no importava, ja que tots eren molt <\/span><i><span style=\"font-weight: 400\">xulos<\/span><\/i><span style=\"font-weight: 400\">!<\/span><\/p>\n<p style=\"text-align: justify\"><span style=\"font-weight: 400\">Cada regal tenia una pista dins per poder endevinar qui ens el feia i va ser divertit descobrir-ho. <\/span><span style=\"font-weight: 400\">Vam passar una estona molt agradable tots junts!\ud83d\udc9d<\/span><\/p>\n<p style=\"text-align: justify\"><span style=\"font-weight: 400\">Ona Salvia Llovet<\/span><\/p>\n","protected":false},"excerpt":{"rendered":"<p>L\u201911 de gener del 2022 vam fer l\u2019amic\/amiga invisible a la classe de 6\u00e8B. No el vam poder fer l\u2019\u00faltim dia de trimestre perqu\u00e8 est\u00e0vem confinats, aix\u00ed que ho vam fer al tornar.<br \/>\nVam rebre un regal cadasc\u00fa. La veritat \u00e9s que tots van estar molt&hellip;  <a href=\"https:\/\/agora.xtec.cat\/esc-teresabergada\/blocs-de-primaria\/6e\/amics-i-amigues-invisibles\/\" title=\"Read AMICS I AMIGUES INVISIBLES!\">Llegeix m\u00e9s\u00bb<\/a><\/p>\n","protected":false},"author":28,"featured_media":10269,"comment_status":"open","ping_status":"closed","sticky":false,"template":"","format":"standard","meta":{"_bbp_topic_count":0,"_bbp_reply_count":0,"_bbp_total_topic_count":0,"_bbp_total_reply_count":0,"_bbp_voice_count":0,"_bbp_anonymous_reply_count":0,"_bbp_topic_count_hidden":0,"_bbp_reply_count_hidden":0,"_bbp_forum_subforum_count":0,"footnotes":""},"categories":[240],"tags":[],"class_list":["post-10268","post","type-post","status-publish","format-standard","has-post-thumbnail","hentry","category-6e"],"post_mailing_queue_ids":[],"_links":{"self":[{"href":"https:\/\/agora.xtec.cat\/esc-teresabergada\/wp-json\/wp\/v2\/posts\/10268","targetHints":{"allow":["GET"]}}],"collection":[{"href":"https:\/\/agora.xtec.cat\/esc-teresabergada\/wp-json\/wp\/v2\/posts"}],"about":[{"href":"https:\/\/agora.xtec.cat\/esc-teresabergada\/wp-json\/wp\/v2\/types\/post"}],"author":[{"embeddable":true,"href":"https:\/\/agora.xtec.cat\/esc-teresabergada\/wp-json\/wp\/v2\/users\/28"}],"replies":[{"embeddable":true,"href":"https:\/\/agora.xtec.cat\/esc-teresabergada\/wp-json\/wp\/v2\/comments?post=10268"}],"version-history":[{"count":2,"href":"https:\/\/agora.xtec.cat\/esc-teresabergada\/wp-json\/wp\/v2\/posts\/10268\/revisions"}],"predecessor-version":[{"id":10271,"href":"https:\/\/agora.xtec.cat\/esc-teresabergada\/wp-json\/wp\/v2\/posts\/10268\/revisions\/10271"}],"wp:featuredmedia":[{"embeddable":true,"href":"https:\/\/agora.xtec.cat\/esc-teresabergada\/wp-json\/wp\/v2\/media\/10269"}],"wp:attachment":[{"href":"https:\/\/agora.xtec.cat\/esc-teresabergada\/wp-json\/wp\/v2\/media?parent=10268"}],"wp:term":[{"taxonomy":"category","embeddable":true,"href":"https:\/\/agora.xtec.cat\/esc-teresabergada\/wp-json\/wp\/v2\/categories?post=10268"},{"taxonomy":"post_tag","embeddable":true,"href":"https:\/\/agora.xtec.cat\/esc-teresabergada\/wp-json\/wp\/v2\/tags?post=10268"}],"curies":[{"name":"wp","href":"https:\/\/api.w.org\/{rel}","templated":true}]}}