{"id":10252,"date":"2022-01-21T11:42:06","date_gmt":"2022-01-21T10:42:06","guid":{"rendered":"https:\/\/agora.xtec.cat\/esc-teresabergada\/?p=10252"},"modified":"2022-01-25T16:21:43","modified_gmt":"2022-01-25T15:21:43","slug":"l-amic-o-amiga-invisible","status":"publish","type":"post","link":"https:\/\/agora.xtec.cat\/esc-teresabergada\/blocs-de-primaria\/6e\/l-amic-o-amiga-invisible\/","title":{"rendered":"L&#8217;AMIC O AMIGA INVISIBLE"},"content":{"rendered":"<p>A meitats de desembre, vam fer un sorteig per veure a qui li hav\u00edem de fer el nostre regal.<\/p>\n<p>Ho pod\u00edem fer a m\u00e0 o comprant algun detallet que no pass\u00e9s dels 3\u20ac. Vam tindre molt temps per preparar-lo, i quan ja ho ten\u00edem preparat ho hav\u00edem de portar a l&#8217;escola, i posar-ho dins d&#8217;un sac.<\/p>\n<p><a href=\"https:\/\/agora.xtec.cat\/esc-teresabergada\/wp-content\/uploads\/usu1533\/2022\/01\/saco-de-papa-noel-para-los-regalos.jpg\"><img loading=\"lazy\" decoding=\"async\" class=\"alignnone wp-image-10253\" src=\"https:\/\/agora.xtec.cat\/esc-teresabergada\/wp-content\/uploads\/usu1533\/2022\/01\/saco-de-papa-noel-para-los-regalos.jpg\" alt=\"\" width=\"314\" height=\"314\" srcset=\"https:\/\/agora.xtec.cat\/esc-teresabergada\/wp-content\/uploads\/usu1533\/2022\/01\/saco-de-papa-noel-para-los-regalos.jpg 458w, https:\/\/agora.xtec.cat\/esc-teresabergada\/wp-content\/uploads\/usu1533\/2022\/01\/saco-de-papa-noel-para-los-regalos-300x300.jpg 300w, https:\/\/agora.xtec.cat\/esc-teresabergada\/wp-content\/uploads\/usu1533\/2022\/01\/saco-de-papa-noel-para-los-regalos-150x150.jpg 150w\" sizes=\"auto, (max-width: 314px) 100vw, 314px\" \/><\/a><\/p>\n<p>Ten\u00edem previst de fer-ho el dia 21 de desembre, per\u00f2 molts de nosaltres no est\u00e0vem aquell dia. Quan vam arribar a l&#8217;escola, despr\u00e9s de les vacances de Nadal, ho vam fer a la classe. Ens va agradar molt investigar qui era el nostre amic o amiga invisible.<\/p>\n<p>Ens van agradar tots els regals!<\/p>\n<p>Paula Gonzalez Flores<\/p>\n","protected":false},"excerpt":{"rendered":"<p>A meitats de desembre, vam fer un sorteig per veure a qui li hav\u00edem de fer el nostre regal.<br \/>\nHo pod\u00edem fer a m\u00e0 o comprant algun detallet que no pass\u00e9s dels 3\u20ac. Vam tindre molt temps per preparar-lo, i quan ja ho ten\u00edem preparat ho&hellip;  <a href=\"https:\/\/agora.xtec.cat\/esc-teresabergada\/blocs-de-primaria\/6e\/l-amic-o-amiga-invisible\/\" title=\"Read L&#8217;AMIC O AMIGA INVISIBLE\">Llegeix m\u00e9s\u00bb<\/a><\/p>\n","protected":false},"author":28,"featured_media":10254,"comment_status":"open","ping_status":"closed","sticky":false,"template":"","format":"standard","meta":{"_bbp_topic_count":0,"_bbp_reply_count":0,"_bbp_total_topic_count":0,"_bbp_total_reply_count":0,"_bbp_voice_count":0,"_bbp_anonymous_reply_count":0,"_bbp_topic_count_hidden":0,"_bbp_reply_count_hidden":0,"_bbp_forum_subforum_count":0,"footnotes":""},"categories":[240],"tags":[],"class_list":["post-10252","post","type-post","status-publish","format-standard","has-post-thumbnail","hentry","category-6e"],"post_mailing_queue_ids":[],"_links":{"self":[{"href":"https:\/\/agora.xtec.cat\/esc-teresabergada\/wp-json\/wp\/v2\/posts\/10252","targetHints":{"allow":["GET"]}}],"collection":[{"href":"https:\/\/agora.xtec.cat\/esc-teresabergada\/wp-json\/wp\/v2\/posts"}],"about":[{"href":"https:\/\/agora.xtec.cat\/esc-teresabergada\/wp-json\/wp\/v2\/types\/post"}],"author":[{"embeddable":true,"href":"https:\/\/agora.xtec.cat\/esc-teresabergada\/wp-json\/wp\/v2\/users\/28"}],"replies":[{"embeddable":true,"href":"https:\/\/agora.xtec.cat\/esc-teresabergada\/wp-json\/wp\/v2\/comments?post=10252"}],"version-history":[{"count":2,"href":"https:\/\/agora.xtec.cat\/esc-teresabergada\/wp-json\/wp\/v2\/posts\/10252\/revisions"}],"predecessor-version":[{"id":10267,"href":"https:\/\/agora.xtec.cat\/esc-teresabergada\/wp-json\/wp\/v2\/posts\/10252\/revisions\/10267"}],"wp:featuredmedia":[{"embeddable":true,"href":"https:\/\/agora.xtec.cat\/esc-teresabergada\/wp-json\/wp\/v2\/media\/10254"}],"wp:attachment":[{"href":"https:\/\/agora.xtec.cat\/esc-teresabergada\/wp-json\/wp\/v2\/media?parent=10252"}],"wp:term":[{"taxonomy":"category","embeddable":true,"href":"https:\/\/agora.xtec.cat\/esc-teresabergada\/wp-json\/wp\/v2\/categories?post=10252"},{"taxonomy":"post_tag","embeddable":true,"href":"https:\/\/agora.xtec.cat\/esc-teresabergada\/wp-json\/wp\/v2\/tags?post=10252"}],"curies":[{"name":"wp","href":"https:\/\/api.w.org\/{rel}","templated":true}]}}