{"id":10241,"date":"2022-01-19T11:55:57","date_gmt":"2022-01-19T10:55:57","guid":{"rendered":"https:\/\/agora.xtec.cat\/esc-teresabergada\/?p=10241"},"modified":"2022-07-11T11:02:16","modified_gmt":"2022-07-11T09:02:16","slug":"amic-invisible","status":"publish","type":"post","link":"https:\/\/agora.xtec.cat\/esc-teresabergada\/general\/amic-invisible\/","title":{"rendered":"AMIC INVISIBLE"},"content":{"rendered":"<p style=\"text-align: justify\">El passat dimarts 11 de gener vam fer l&#8217;amic invisible. L&#8217;hav\u00edem de celebrar a finals de trimestre per\u00f2 est\u00e0vem confinats.<\/p>\n<p style=\"text-align: justify\">Aix\u00ed doncs, despr\u00e9s de vacances vam tenir la sorpresa que el nostre amic invisible ens havia preparat: un regal amb molt afecte.<\/p>\n<p><img loading=\"lazy\" decoding=\"async\" class=\"size-medium wp-image-10244 aligncenter\" src=\"https:\/\/agora.xtec.cat\/esc-teresabergada\/wp-content\/uploads\/usu1533\/2022\/01\/84703374-5C51-4854-9284-A3257E8B9DB9-300x225.jpeg\" alt=\"\" width=\"300\" height=\"225\" \/><\/p>\n<p style=\"text-align: justify\">El regal el vam fer de la seg\u00fcent manera: s&#8217;havia de comprar o fer a m\u00e0 alguna cosa, l&#8217;hav\u00edem d&#8217;embolicar i fer un escrit amb pistes de qui \u00e9rem. Va ser una tarda molt especial on vam experimentar sensacions com: nervis, emoci\u00f3 i il\u00b7lusi\u00f3.<\/p>\n<p style=\"text-align: justify\">Per\u00f2 recordeu: <span style=\"color: #333399\"><em><strong>els millors regals s\u00f3n els que no tenen preu.<\/strong><\/em><\/span><\/p>\n<p>Cesc Aran Ba\u00f1eres<\/p>\n","protected":false},"excerpt":{"rendered":"<p>El passat dimarts 11 de gener vam fer l&#8217;amic invisible. L&#8217;hav\u00edem de celebrar a finals de trimestre per\u00f2 est\u00e0vem confinats.<br \/>\nAix\u00ed doncs, despr\u00e9s de vacances vam tenir la sorpresa que el nostre amic invisible ens havia preparat: un regal amb molt afecte.<\/p>\n<p>El regal el vam fer&hellip;  <a href=\"https:\/\/agora.xtec.cat\/esc-teresabergada\/general\/amic-invisible\/\" title=\"Read AMIC INVISIBLE\">Llegeix m\u00e9s\u00bb<\/a><\/p>\n","protected":false},"author":32,"featured_media":0,"comment_status":"open","ping_status":"closed","sticky":false,"template":"","format":"standard","meta":{"_bbp_topic_count":0,"_bbp_reply_count":0,"_bbp_total_topic_count":0,"_bbp_total_reply_count":0,"_bbp_voice_count":0,"_bbp_anonymous_reply_count":0,"_bbp_topic_count_hidden":0,"_bbp_reply_count_hidden":0,"_bbp_forum_subforum_count":0,"footnotes":""},"categories":[349,1],"tags":[523],"class_list":["post-10241","post","type-post","status-publish","format-standard","hentry","category-5e","category-general","tag-redactoriredactoradelblog"],"post_mailing_queue_ids":[],"_links":{"self":[{"href":"https:\/\/agora.xtec.cat\/esc-teresabergada\/wp-json\/wp\/v2\/posts\/10241","targetHints":{"allow":["GET"]}}],"collection":[{"href":"https:\/\/agora.xtec.cat\/esc-teresabergada\/wp-json\/wp\/v2\/posts"}],"about":[{"href":"https:\/\/agora.xtec.cat\/esc-teresabergada\/wp-json\/wp\/v2\/types\/post"}],"author":[{"embeddable":true,"href":"https:\/\/agora.xtec.cat\/esc-teresabergada\/wp-json\/wp\/v2\/users\/32"}],"replies":[{"embeddable":true,"href":"https:\/\/agora.xtec.cat\/esc-teresabergada\/wp-json\/wp\/v2\/comments?post=10241"}],"version-history":[{"count":3,"href":"https:\/\/agora.xtec.cat\/esc-teresabergada\/wp-json\/wp\/v2\/posts\/10241\/revisions"}],"predecessor-version":[{"id":10257,"href":"https:\/\/agora.xtec.cat\/esc-teresabergada\/wp-json\/wp\/v2\/posts\/10241\/revisions\/10257"}],"wp:attachment":[{"href":"https:\/\/agora.xtec.cat\/esc-teresabergada\/wp-json\/wp\/v2\/media?parent=10241"}],"wp:term":[{"taxonomy":"category","embeddable":true,"href":"https:\/\/agora.xtec.cat\/esc-teresabergada\/wp-json\/wp\/v2\/categories?post=10241"},{"taxonomy":"post_tag","embeddable":true,"href":"https:\/\/agora.xtec.cat\/esc-teresabergada\/wp-json\/wp\/v2\/tags?post=10241"}],"curies":[{"name":"wp","href":"https:\/\/api.w.org\/{rel}","templated":true}]}}