{"id":10236,"date":"2022-01-30T23:06:37","date_gmt":"2022-01-30T22:06:37","guid":{"rendered":"https:\/\/agora.xtec.cat\/esc-teresabergada\/?p=10236"},"modified":"2022-01-30T23:06:37","modified_gmt":"2022-01-30T22:06:37","slug":"la-linia-de-la-vida-de-la-bianca","status":"publish","type":"post","link":"https:\/\/agora.xtec.cat\/esc-teresabergada\/infantil\/i4\/la-linia-de-la-vida-de-la-bianca\/","title":{"rendered":"La L\u00ednia de la vida de la Bianca."},"content":{"rendered":"<p>La Bianca ha gaudit molt\u00edssim de la presentaci\u00f3 de la seva L\u00ednia de la vida, amb l&#8217;ajut de la Nicoleta, la seva mare. Tot comen\u00e7a amb la foto a la panxa de la mare, el seu primer Nadal disfressada de Pare Noel, el bateig i la seva festa i l&#8217;espatlla del pare com a coix\u00ed preferit per fer una dormideta. Tamb\u00e9 surten el avis de Romania i els seus padrins de bateig a l&#8217;hora de celebrar el seu primer aniversari. El primer contacte amb la neu i amb el Pare Noel, passeig amb poni, disfressa, aniversaris i anar ben mudada a una boda. Tamb\u00e9 li ha fet molta il\u00b7lusi\u00f3 formar part de l&#8217;equip de la mare a la cuina i de l&#8217;equip del pare a la feina vestida de treballadora, els dos del mateix conjunt. Sense deixar-nos els dies de platja i muntanya que tant li van agradar. Gr\u00e0cies pel gaudi d&#8217;aquests moments.<\/p>\n<p><a href=\"https:\/\/drive.google.com\/drive\/folders\/1OkZQ2IFbzXiYgufV_CIZnkTaihODtppS?usp=sharing\"><img loading=\"lazy\" decoding=\"async\" class=\"alignnone wp-image-10239\" src=\"https:\/\/agora.xtec.cat\/esc-teresabergada\/wp-content\/uploads\/usu1533\/2022\/01\/BIANCA-1-1024x768.jpg\" alt=\"\" width=\"439\" height=\"330\" \/><\/a><\/p>\n","protected":false},"excerpt":{"rendered":"<p>La Bianca ha gaudit molt\u00edssim de la presentaci\u00f3 de la seva L\u00ednia de la vida, amb l&#8217;ajut de la Nicoleta, la seva mare. Tot comen\u00e7a amb la foto a la panxa de la mare, el seu primer Nadal disfressada de Pare Noel, el bateig i&hellip;  <a href=\"https:\/\/agora.xtec.cat\/esc-teresabergada\/infantil\/i4\/la-linia-de-la-vida-de-la-bianca\/\" title=\"Read La L\u00ednia de la vida de la Bianca.\">Llegeix m\u00e9s\u00bb<\/a><\/p>\n","protected":false},"author":12,"featured_media":9977,"comment_status":"open","ping_status":"closed","sticky":false,"template":"","format":"standard","meta":{"_bbp_topic_count":0,"_bbp_reply_count":0,"_bbp_total_topic_count":0,"_bbp_total_reply_count":0,"_bbp_voice_count":0,"_bbp_anonymous_reply_count":0,"_bbp_topic_count_hidden":0,"_bbp_reply_count_hidden":0,"_bbp_forum_subforum_count":0,"footnotes":""},"categories":[236],"tags":[121,595],"class_list":["post-10236","post","type-post","status-publish","format-standard","has-post-thumbnail","hentry","category-i4","tag-educacio-infantil","tag-linia-de-la-vida"],"post_mailing_queue_ids":[],"_links":{"self":[{"href":"https:\/\/agora.xtec.cat\/esc-teresabergada\/wp-json\/wp\/v2\/posts\/10236","targetHints":{"allow":["GET"]}}],"collection":[{"href":"https:\/\/agora.xtec.cat\/esc-teresabergada\/wp-json\/wp\/v2\/posts"}],"about":[{"href":"https:\/\/agora.xtec.cat\/esc-teresabergada\/wp-json\/wp\/v2\/types\/post"}],"author":[{"embeddable":true,"href":"https:\/\/agora.xtec.cat\/esc-teresabergada\/wp-json\/wp\/v2\/users\/12"}],"replies":[{"embeddable":true,"href":"https:\/\/agora.xtec.cat\/esc-teresabergada\/wp-json\/wp\/v2\/comments?post=10236"}],"version-history":[{"count":3,"href":"https:\/\/agora.xtec.cat\/esc-teresabergada\/wp-json\/wp\/v2\/posts\/10236\/revisions"}],"predecessor-version":[{"id":10275,"href":"https:\/\/agora.xtec.cat\/esc-teresabergada\/wp-json\/wp\/v2\/posts\/10236\/revisions\/10275"}],"wp:featuredmedia":[{"embeddable":true,"href":"https:\/\/agora.xtec.cat\/esc-teresabergada\/wp-json\/wp\/v2\/media\/9977"}],"wp:attachment":[{"href":"https:\/\/agora.xtec.cat\/esc-teresabergada\/wp-json\/wp\/v2\/media?parent=10236"}],"wp:term":[{"taxonomy":"category","embeddable":true,"href":"https:\/\/agora.xtec.cat\/esc-teresabergada\/wp-json\/wp\/v2\/categories?post=10236"},{"taxonomy":"post_tag","embeddable":true,"href":"https:\/\/agora.xtec.cat\/esc-teresabergada\/wp-json\/wp\/v2\/tags?post=10236"}],"curies":[{"name":"wp","href":"https:\/\/api.w.org\/{rel}","templated":true}]}}