{"id":10233,"date":"2022-01-26T08:19:26","date_gmt":"2022-01-26T07:19:26","guid":{"rendered":"https:\/\/agora.xtec.cat\/esc-teresabergada\/?p=10233"},"modified":"2022-01-26T08:21:04","modified_gmt":"2022-01-26T07:21:04","slug":"la-linia-de-la-vida-del-jordi","status":"publish","type":"post","link":"https:\/\/agora.xtec.cat\/esc-teresabergada\/infantil\/i4\/la-linia-de-la-vida-del-jordi\/","title":{"rendered":"La L\u00ednia de la vida del Jordi."},"content":{"rendered":"<p>La No\u00e8lia i el Jordi ens han presentat la L\u00ednia de la vida del Jordi. Una L\u00ednia carregada d&#8217;experi\u00e8ncies engrescadores i motivadores. La primera foto del Jordi\u00a0 va ser una ecografia feta dins de la mare, durant el 2017. Tota la fam\u00edlia l&#8217;esperava i sobretot l&#8217;\u00cdria que de seguida li va agradar tenir-lo als bra\u00e7os. De ben petit ja va portar el bra\u00e7 immovilitzat perqu\u00e8 ja li agradava el moviment i el risc. Aquesta inquietut tamb\u00e9 la tenia pel seu entorn i vet aqu\u00ed tota la r\u00e8cula d&#8217;expri\u00e8ncies amb la natura, animals, &#8220;dinosaures&#8221; i\u00a0 esports. La fam\u00edlia tamb\u00e9 \u00e9s molt important pel Jordi i\u00a0 el naixement del Roc, el seu cos\u00ed, gaireb\u00e9 li va semblar el seu germ\u00e0. Les disfresses, sobretot de s\u00faper heroi i els viatges per con\u00e8ixer m\u00f3n han estat sempre presents en la seva vida. L\u00ednia genial! Gr\u00e0cies.<\/p>\n<p><a href=\"https:\/\/drive.google.com\/drive\/folders\/1id7B4IvT98_4IM-BvA6kGRySeCzJA5wO?usp=sharing\"><img loading=\"lazy\" decoding=\"async\" class=\"alignnone wp-image-10234\" src=\"https:\/\/agora.xtec.cat\/esc-teresabergada\/wp-content\/uploads\/usu1533\/2022\/01\/jordi-1024x768.jpg\" alt=\"\" width=\"380\" height=\"285\" \/><\/a><\/p>\n","protected":false},"excerpt":{"rendered":"<p>La No\u00e8lia i el Jordi ens han presentat la L\u00ednia de la vida del Jordi. Una L\u00ednia carregada d&#8217;experi\u00e8ncies engrescadores i motivadores. La primera foto del Jordi\u00a0 va ser una ecografia feta dins de la mare, durant el 2017. Tota la fam\u00edlia l&#8217;esperava i sobretot&hellip;  <a href=\"https:\/\/agora.xtec.cat\/esc-teresabergada\/infantil\/i4\/la-linia-de-la-vida-del-jordi\/\" title=\"Read La L\u00ednia de la vida del Jordi.\">Llegeix m\u00e9s\u00bb<\/a><\/p>\n","protected":false},"author":12,"featured_media":9977,"comment_status":"open","ping_status":"closed","sticky":false,"template":"","format":"standard","meta":{"_bbp_topic_count":0,"_bbp_reply_count":0,"_bbp_total_topic_count":0,"_bbp_total_reply_count":0,"_bbp_voice_count":0,"_bbp_anonymous_reply_count":0,"_bbp_topic_count_hidden":0,"_bbp_reply_count_hidden":0,"_bbp_forum_subforum_count":0,"footnotes":""},"categories":[236],"tags":[121,600],"class_list":["post-10233","post","type-post","status-publish","format-standard","has-post-thumbnail","hentry","category-i4","tag-educacio-infantil","tag-linia-de-vida"],"post_mailing_queue_ids":[],"_links":{"self":[{"href":"https:\/\/agora.xtec.cat\/esc-teresabergada\/wp-json\/wp\/v2\/posts\/10233","targetHints":{"allow":["GET"]}}],"collection":[{"href":"https:\/\/agora.xtec.cat\/esc-teresabergada\/wp-json\/wp\/v2\/posts"}],"about":[{"href":"https:\/\/agora.xtec.cat\/esc-teresabergada\/wp-json\/wp\/v2\/types\/post"}],"author":[{"embeddable":true,"href":"https:\/\/agora.xtec.cat\/esc-teresabergada\/wp-json\/wp\/v2\/users\/12"}],"replies":[{"embeddable":true,"href":"https:\/\/agora.xtec.cat\/esc-teresabergada\/wp-json\/wp\/v2\/comments?post=10233"}],"version-history":[{"count":3,"href":"https:\/\/agora.xtec.cat\/esc-teresabergada\/wp-json\/wp\/v2\/posts\/10233\/revisions"}],"predecessor-version":[{"id":10274,"href":"https:\/\/agora.xtec.cat\/esc-teresabergada\/wp-json\/wp\/v2\/posts\/10233\/revisions\/10274"}],"wp:featuredmedia":[{"embeddable":true,"href":"https:\/\/agora.xtec.cat\/esc-teresabergada\/wp-json\/wp\/v2\/media\/9977"}],"wp:attachment":[{"href":"https:\/\/agora.xtec.cat\/esc-teresabergada\/wp-json\/wp\/v2\/media?parent=10233"}],"wp:term":[{"taxonomy":"category","embeddable":true,"href":"https:\/\/agora.xtec.cat\/esc-teresabergada\/wp-json\/wp\/v2\/categories?post=10233"},{"taxonomy":"post_tag","embeddable":true,"href":"https:\/\/agora.xtec.cat\/esc-teresabergada\/wp-json\/wp\/v2\/tags?post=10233"}],"curies":[{"name":"wp","href":"https:\/\/api.w.org\/{rel}","templated":true}]}}