{"id":10229,"date":"2022-01-26T07:39:52","date_gmt":"2022-01-26T06:39:52","guid":{"rendered":"https:\/\/agora.xtec.cat\/esc-teresabergada\/?p=10229"},"modified":"2022-01-26T08:21:51","modified_gmt":"2022-01-26T07:21:51","slug":"la-linia-de-la-vida-de-la-laia","status":"publish","type":"post","link":"https:\/\/agora.xtec.cat\/esc-teresabergada\/infantil\/i4\/la-linia-de-la-vida-de-la-laia\/","title":{"rendered":"La L\u00ednia de la vida de la Laia."},"content":{"rendered":"<p>La L\u00ednia de la vida de la Laia est\u00e0 plena de fotografies de primeres experi\u00e8ncies, molt especials. Comen\u00e7ant per quan estava a la &#8220;panxa&#8221; de la mare, la primera rosa de Sant Jordi, els Reis, la Soca, el primer contacte amb la neu i a la platja i la primera Mona. Tampoc s&#8217;han oblidat dels aniversaris, el primer Port Aventura i una trobada molt especial com \u00e9s la primera festa de &#8220;Xicas&#8221;. Una amistat que va comen\u00e7ar de ben petites, amb la Mariona i que encara perdura en el temps. Doncs amb aquestes experi\u00e8ncies i aquestes amitstats que venen de lluny ens va enamorar aquesta L\u00ednia de la vida de la Laia. Gr\u00e0cies, fam\u00edlia.<\/p>\n<p><a href=\"https:\/\/drive.google.com\/drive\/folders\/1iwnhRDhtFNlpJeQcnbRuHcKm_s96lLdV?usp=sharing\"><img loading=\"lazy\" decoding=\"async\" class=\"alignnone wp-image-10231\" src=\"https:\/\/agora.xtec.cat\/esc-teresabergada\/wp-content\/uploads\/usu1533\/2022\/01\/LAIA--1024x768.jpg\" alt=\"\" width=\"372\" height=\"279\" \/><\/a><\/p>\n","protected":false},"excerpt":{"rendered":"<p>La L\u00ednia de la vida de la Laia est\u00e0 plena de fotografies de primeres experi\u00e8ncies, molt especials. Comen\u00e7ant per quan estava a la &#8220;panxa&#8221; de la mare, la primera rosa de Sant Jordi, els Reis, la Soca, el primer contacte amb la neu i a&hellip;  <a href=\"https:\/\/agora.xtec.cat\/esc-teresabergada\/infantil\/i4\/la-linia-de-la-vida-de-la-laia\/\" title=\"Read La L\u00ednia de la vida de la Laia.\">Llegeix m\u00e9s\u00bb<\/a><\/p>\n","protected":false},"author":12,"featured_media":9977,"comment_status":"open","ping_status":"closed","sticky":false,"template":"","format":"standard","meta":{"_bbp_topic_count":0,"_bbp_reply_count":0,"_bbp_total_topic_count":0,"_bbp_total_reply_count":0,"_bbp_voice_count":0,"_bbp_anonymous_reply_count":0,"_bbp_topic_count_hidden":0,"_bbp_reply_count_hidden":0,"_bbp_forum_subforum_count":0,"footnotes":""},"categories":[236],"tags":[121,595],"class_list":["post-10229","post","type-post","status-publish","format-standard","has-post-thumbnail","hentry","category-i4","tag-educacio-infantil","tag-linia-de-la-vida"],"post_mailing_queue_ids":[],"_links":{"self":[{"href":"https:\/\/agora.xtec.cat\/esc-teresabergada\/wp-json\/wp\/v2\/posts\/10229","targetHints":{"allow":["GET"]}}],"collection":[{"href":"https:\/\/agora.xtec.cat\/esc-teresabergada\/wp-json\/wp\/v2\/posts"}],"about":[{"href":"https:\/\/agora.xtec.cat\/esc-teresabergada\/wp-json\/wp\/v2\/types\/post"}],"author":[{"embeddable":true,"href":"https:\/\/agora.xtec.cat\/esc-teresabergada\/wp-json\/wp\/v2\/users\/12"}],"replies":[{"embeddable":true,"href":"https:\/\/agora.xtec.cat\/esc-teresabergada\/wp-json\/wp\/v2\/comments?post=10229"}],"version-history":[{"count":2,"href":"https:\/\/agora.xtec.cat\/esc-teresabergada\/wp-json\/wp\/v2\/posts\/10229\/revisions"}],"predecessor-version":[{"id":10272,"href":"https:\/\/agora.xtec.cat\/esc-teresabergada\/wp-json\/wp\/v2\/posts\/10229\/revisions\/10272"}],"wp:featuredmedia":[{"embeddable":true,"href":"https:\/\/agora.xtec.cat\/esc-teresabergada\/wp-json\/wp\/v2\/media\/9977"}],"wp:attachment":[{"href":"https:\/\/agora.xtec.cat\/esc-teresabergada\/wp-json\/wp\/v2\/media?parent=10229"}],"wp:term":[{"taxonomy":"category","embeddable":true,"href":"https:\/\/agora.xtec.cat\/esc-teresabergada\/wp-json\/wp\/v2\/categories?post=10229"},{"taxonomy":"post_tag","embeddable":true,"href":"https:\/\/agora.xtec.cat\/esc-teresabergada\/wp-json\/wp\/v2\/tags?post=10229"}],"curies":[{"name":"wp","href":"https:\/\/api.w.org\/{rel}","templated":true}]}}