{"id":10209,"date":"2022-01-14T12:01:38","date_gmt":"2022-01-14T11:01:38","guid":{"rendered":"https:\/\/agora.xtec.cat\/esc-teresabergada\/?p=10209"},"modified":"2022-07-11T11:02:22","modified_gmt":"2022-07-11T09:02:22","slug":"una-excursio-amb-bicicleta","status":"publish","type":"post","link":"https:\/\/agora.xtec.cat\/esc-teresabergada\/general\/una-excursio-amb-bicicleta\/","title":{"rendered":"UNA EXCURSI\u00d3 AMB BICICLETA"},"content":{"rendered":"<p style=\"text-align: justify\">El dia 3 de desembre les dues classes de 5\u00e8 vam fer una excursi\u00f3 amb bicicleta pel nostre poble. Primer, els dos monitors d&#8217;Osca ens van fer una xerrada a l&#8217;aula de psicomotricitat. Ens van preparar un power point on hi havia un v\u00eddeo sobre l&#8217;evoluci\u00f3 de la bicicleta. Tamb\u00e9 ens van explicar els seus beneficis, per exemple: que no contaminen, que s&#8217;estalvien diners, que \u00e9s bo per la salut&#8230;<\/p>\n<p><img loading=\"lazy\" decoding=\"async\" class=\"size-medium wp-image-10213 aligncenter\" src=\"https:\/\/agora.xtec.cat\/esc-teresabergada\/wp-content\/uploads\/usu1533\/2022\/01\/35D6560F-4C6D-4D1B-974E-ACD1C5D64ABF-300x225.jpeg\" alt=\"\" width=\"300\" height=\"225\" \/><\/p>\n<p style=\"text-align: justify\">A continuaci\u00f3 vam fer una volta amb bici pel pati de l&#8217;escola. Despr\u00e9s vam anar en direcci\u00f3 al Sagrat Cor i vam continuar recte fins que vam arribar a la Popa de la Balena, on vam esmorzar. All\u00ed vam jugar a un joc on s&#8217;havia de fer quatre equips, cada equip feia una fila, cada persona per ordre de fila anava a buscar el seu casc i la seva bici (que estaven a l&#8217;altra punta), guanyava qui primer arribava al seu equip. Finalment vam tornar a l&#8217;escola, passant per l&#8217;Ermita del Merli.<\/p>\n<p style=\"text-align: justify\">Va ser una experi\u00e8ncia molt divertida i emocionant.<\/p>\n<p style=\"text-align: justify\">Tant de bo ho pogu\u00e9ssim tornar a repetir!!!<\/p>\n<p><img loading=\"lazy\" decoding=\"async\" class=\"size-medium wp-image-10214 aligncenter\" src=\"https:\/\/agora.xtec.cat\/esc-teresabergada\/wp-content\/uploads\/usu1533\/2022\/01\/D766F298-3B69-4F18-AC44-760150729411-300x225.jpeg\" alt=\"\" width=\"300\" height=\"225\" \/><\/p>\n<p style=\"text-align: justify\">Duna Magr\u00ed<\/p>\n","protected":false},"excerpt":{"rendered":"<p>El dia 3 de desembre les dues classes de 5\u00e8 vam fer una excursi\u00f3 amb bicicleta pel nostre poble. Primer, els dos monitors d&#8217;Osca ens van fer una xerrada a l&#8217;aula de psicomotricitat. Ens van preparar un power point on hi havia un v\u00eddeo sobre&hellip;  <a href=\"https:\/\/agora.xtec.cat\/esc-teresabergada\/general\/una-excursio-amb-bicicleta\/\" title=\"Read UNA EXCURSI\u00d3 AMB BICICLETA\">Llegeix m\u00e9s\u00bb<\/a><\/p>\n","protected":false},"author":32,"featured_media":0,"comment_status":"open","ping_status":"closed","sticky":false,"template":"","format":"standard","meta":{"_bbp_topic_count":0,"_bbp_reply_count":0,"_bbp_total_topic_count":0,"_bbp_total_reply_count":0,"_bbp_voice_count":0,"_bbp_anonymous_reply_count":0,"_bbp_topic_count_hidden":0,"_bbp_reply_count_hidden":0,"_bbp_forum_subforum_count":0,"footnotes":""},"categories":[349,1],"tags":[523],"class_list":["post-10209","post","type-post","status-publish","format-standard","hentry","category-5e","category-general","tag-redactoriredactoradelblog"],"post_mailing_queue_ids":[],"_links":{"self":[{"href":"https:\/\/agora.xtec.cat\/esc-teresabergada\/wp-json\/wp\/v2\/posts\/10209","targetHints":{"allow":["GET"]}}],"collection":[{"href":"https:\/\/agora.xtec.cat\/esc-teresabergada\/wp-json\/wp\/v2\/posts"}],"about":[{"href":"https:\/\/agora.xtec.cat\/esc-teresabergada\/wp-json\/wp\/v2\/types\/post"}],"author":[{"embeddable":true,"href":"https:\/\/agora.xtec.cat\/esc-teresabergada\/wp-json\/wp\/v2\/users\/32"}],"replies":[{"embeddable":true,"href":"https:\/\/agora.xtec.cat\/esc-teresabergada\/wp-json\/wp\/v2\/comments?post=10209"}],"version-history":[{"count":3,"href":"https:\/\/agora.xtec.cat\/esc-teresabergada\/wp-json\/wp\/v2\/posts\/10209\/revisions"}],"predecessor-version":[{"id":10216,"href":"https:\/\/agora.xtec.cat\/esc-teresabergada\/wp-json\/wp\/v2\/posts\/10209\/revisions\/10216"}],"wp:attachment":[{"href":"https:\/\/agora.xtec.cat\/esc-teresabergada\/wp-json\/wp\/v2\/media?parent=10209"}],"wp:term":[{"taxonomy":"category","embeddable":true,"href":"https:\/\/agora.xtec.cat\/esc-teresabergada\/wp-json\/wp\/v2\/categories?post=10209"},{"taxonomy":"post_tag","embeddable":true,"href":"https:\/\/agora.xtec.cat\/esc-teresabergada\/wp-json\/wp\/v2\/tags?post=10209"}],"curies":[{"name":"wp","href":"https:\/\/api.w.org\/{rel}","templated":true}]}}