{"id":10203,"date":"2022-01-10T08:25:33","date_gmt":"2022-01-10T07:25:33","guid":{"rendered":"https:\/\/agora.xtec.cat\/esc-teresabergada\/?p=10203"},"modified":"2022-01-10T08:25:33","modified_gmt":"2022-01-10T07:25:33","slug":"la-linia-de-vida-de-la-marta","status":"publish","type":"post","link":"https:\/\/agora.xtec.cat\/esc-teresabergada\/infantil\/i4\/la-linia-de-vida-de-la-marta\/","title":{"rendered":"La l\u00ednia de vida de la Marta."},"content":{"rendered":"<p>La Marta, juntament amb la seva mare Laia, ens han explicat alguns dels primers moments m\u00e9s significatius per ella. Comen\u00e7ant per la Marta a la panxa de la mare, moments de recent nascuda i bateig, continuant amb els primers Reis i la seva primera actuaci\u00f3 de la D\u00e0maris Gelabert, tan petitona com era. Es veia molt petiteta al costat de la seva germana, Aina, que tamb\u00e9 participava de les activitats.\u00a0 Com a fotos importants tamb\u00e9 hi ha incl\u00f2s els aniversaris, des del primer fins als quatre anys, tot i que aviat en far\u00e0 cinc. I per concloure, la &#8220;graduaci\u00f3&#8221; a l&#8217;Escola Bressol i l&#8217;inici a l&#8217;escola dels grans, a P3. Sense deixar-se l&#8217;\u00e8xit en pedalar sense rodetes amb la bici i el gaudi de la platja. Un munt de moments bonics per recordar.\u00a0 Gr\u00e0cies a la fam\u00edlia per aquesta l\u00ednia tan clara i acompanyada de paraules clau, fetes moltes per la Marta.<\/p>\n<p><a href=\"https:\/\/drive.google.com\/drive\/folders\/1alCA8JZjVA2zsPRW8JJCmKKwQsmei1YJ?usp=sharing\"><img loading=\"lazy\" decoding=\"async\" class=\"alignnone wp-image-10204\" src=\"https:\/\/agora.xtec.cat\/esc-teresabergada\/wp-content\/uploads\/usu1533\/2022\/01\/marta-1024x768.jpg\" alt=\"\" width=\"437\" height=\"328\" \/><\/a><\/p>\n","protected":false},"excerpt":{"rendered":"<p>La Marta, juntament amb la seva mare Laia, ens han explicat alguns dels primers moments m\u00e9s significatius per ella. Comen\u00e7ant per la Marta a la panxa de la mare, moments de recent nascuda i bateig, continuant amb els primers Reis i la seva primera actuaci\u00f3&hellip;  <a href=\"https:\/\/agora.xtec.cat\/esc-teresabergada\/infantil\/i4\/la-linia-de-vida-de-la-marta\/\" title=\"Read La l\u00ednia de vida de la Marta.\">Llegeix m\u00e9s\u00bb<\/a><\/p>\n","protected":false},"author":12,"featured_media":9977,"comment_status":"open","ping_status":"closed","sticky":false,"template":"","format":"standard","meta":{"_bbp_topic_count":0,"_bbp_reply_count":0,"_bbp_total_topic_count":0,"_bbp_total_reply_count":0,"_bbp_voice_count":0,"_bbp_anonymous_reply_count":0,"_bbp_topic_count_hidden":0,"_bbp_reply_count_hidden":0,"_bbp_forum_subforum_count":0,"footnotes":""},"categories":[236],"tags":[121,595],"class_list":["post-10203","post","type-post","status-publish","format-standard","has-post-thumbnail","hentry","category-i4","tag-educacio-infantil","tag-linia-de-la-vida"],"post_mailing_queue_ids":[],"_links":{"self":[{"href":"https:\/\/agora.xtec.cat\/esc-teresabergada\/wp-json\/wp\/v2\/posts\/10203","targetHints":{"allow":["GET"]}}],"collection":[{"href":"https:\/\/agora.xtec.cat\/esc-teresabergada\/wp-json\/wp\/v2\/posts"}],"about":[{"href":"https:\/\/agora.xtec.cat\/esc-teresabergada\/wp-json\/wp\/v2\/types\/post"}],"author":[{"embeddable":true,"href":"https:\/\/agora.xtec.cat\/esc-teresabergada\/wp-json\/wp\/v2\/users\/12"}],"replies":[{"embeddable":true,"href":"https:\/\/agora.xtec.cat\/esc-teresabergada\/wp-json\/wp\/v2\/comments?post=10203"}],"version-history":[{"count":2,"href":"https:\/\/agora.xtec.cat\/esc-teresabergada\/wp-json\/wp\/v2\/posts\/10203\/revisions"}],"predecessor-version":[{"id":10207,"href":"https:\/\/agora.xtec.cat\/esc-teresabergada\/wp-json\/wp\/v2\/posts\/10203\/revisions\/10207"}],"wp:featuredmedia":[{"embeddable":true,"href":"https:\/\/agora.xtec.cat\/esc-teresabergada\/wp-json\/wp\/v2\/media\/9977"}],"wp:attachment":[{"href":"https:\/\/agora.xtec.cat\/esc-teresabergada\/wp-json\/wp\/v2\/media?parent=10203"}],"wp:term":[{"taxonomy":"category","embeddable":true,"href":"https:\/\/agora.xtec.cat\/esc-teresabergada\/wp-json\/wp\/v2\/categories?post=10203"},{"taxonomy":"post_tag","embeddable":true,"href":"https:\/\/agora.xtec.cat\/esc-teresabergada\/wp-json\/wp\/v2\/tags?post=10203"}],"curies":[{"name":"wp","href":"https:\/\/api.w.org\/{rel}","templated":true}]}}