{"id":10158,"date":"2021-12-17T11:56:58","date_gmt":"2021-12-17T10:56:58","guid":{"rendered":"https:\/\/agora.xtec.cat\/esc-teresabergada\/?p=10158"},"modified":"2022-07-11T11:48:09","modified_gmt":"2022-07-11T09:48:09","slug":"mati-de-bicis","status":"publish","type":"post","link":"https:\/\/agora.xtec.cat\/esc-teresabergada\/blocs-de-primaria\/6e\/mati-de-bicis\/","title":{"rendered":"MAT\u00cd DE BICIS"},"content":{"rendered":"<p>El dimarts, 23 de novembre, vam fer un taller de bicis l&#8217;alumnat de 6\u00e8, durant tot el mat\u00ed.<\/p>\n<p>Van vindre uns nois a fer-nos un taller de bicis. Primer, vam anar a la sala de psicomotricitat per a fer la sessi\u00f3 m\u00e9s te\u00f2rica i ens van explicar i fer preguntes sobre les primeres bicis. Vam veure un v\u00eddeo i despr\u00e9s ens van ensenyar com treure una roda, com aixecar el sell\u00f3 (sill\u00edn en castell\u00e0), com posar la cadena&#8230;<\/p>\n<p><a href=\"https:\/\/agora.xtec.cat\/esc-teresabergada\/wp-content\/uploads\/usu1533\/2021\/12\/1639738510484.jpg\"><img loading=\"lazy\" decoding=\"async\" class=\"alignnone wp-image-10160\" src=\"https:\/\/agora.xtec.cat\/esc-teresabergada\/wp-content\/uploads\/usu1533\/2021\/12\/1639738510484.jpg\" alt=\"\" width=\"344\" height=\"258\" \/><\/a> <a href=\"https:\/\/agora.xtec.cat\/esc-teresabergada\/wp-content\/uploads\/usu1533\/2021\/12\/1639738490554.jpg\"><img loading=\"lazy\" decoding=\"async\" class=\"alignnone wp-image-10161\" src=\"https:\/\/agora.xtec.cat\/esc-teresabergada\/wp-content\/uploads\/usu1533\/2021\/12\/1639738490554.jpg\" alt=\"\" width=\"342\" height=\"256\" \/><\/a><\/p>\n<p>La segona part del taller va consistir en agafar les bicis del pati per anar a fer una ruta. Vam pujar la pujada del Sagrat Cor i vam baixar per la baixada que va al Merli. Anant cap al Merli vam parar al descampat de Popa de dona on hi havia un salt. Vam esmorzar all\u00ed. Despr\u00e9s, vam fer uns jocs per equips, on hav\u00edem d&#8217;anar corrent cap a la bici i ficar-nos el casc. A l&#8217;acabar el joc, ja era hora d&#8217;anar a dinar i vam anar cap al <em>cole<\/em>. Ens vam acomiadar i aqu\u00ed es va acabar el taller.<\/p>\n<p>VAM APRENDRE MOLT!!!\ud83d\udeb2\ud83d\udeb2\ud83d\udeb2<\/p>\n<p>Sergiu Peter<\/p>\n","protected":false},"excerpt":{"rendered":"<p>El dimarts, 23 de novembre, vam fer un taller de bicis l&#8217;alumnat de 6\u00e8, durant tot el mat\u00ed.<br \/>\nVan vindre uns nois a fer-nos un taller de bicis. Primer, vam anar a la sala de psicomotricitat per a fer la sessi\u00f3 m\u00e9s te\u00f2rica i ens van&hellip;  <a href=\"https:\/\/agora.xtec.cat\/esc-teresabergada\/blocs-de-primaria\/6e\/mati-de-bicis\/\" title=\"Read MAT\u00cd DE BICIS\">Llegeix m\u00e9s\u00bb<\/a><\/p>\n","protected":false},"author":28,"featured_media":0,"comment_status":"open","ping_status":"closed","sticky":false,"template":"","format":"standard","meta":{"_bbp_topic_count":0,"_bbp_reply_count":0,"_bbp_total_topic_count":0,"_bbp_total_reply_count":0,"_bbp_voice_count":0,"_bbp_anonymous_reply_count":0,"_bbp_topic_count_hidden":0,"_bbp_reply_count_hidden":0,"_bbp_forum_subforum_count":0,"footnotes":""},"categories":[240],"tags":[],"class_list":["post-10158","post","type-post","status-publish","format-standard","hentry","category-6e"],"post_mailing_queue_ids":[],"_links":{"self":[{"href":"https:\/\/agora.xtec.cat\/esc-teresabergada\/wp-json\/wp\/v2\/posts\/10158","targetHints":{"allow":["GET"]}}],"collection":[{"href":"https:\/\/agora.xtec.cat\/esc-teresabergada\/wp-json\/wp\/v2\/posts"}],"about":[{"href":"https:\/\/agora.xtec.cat\/esc-teresabergada\/wp-json\/wp\/v2\/types\/post"}],"author":[{"embeddable":true,"href":"https:\/\/agora.xtec.cat\/esc-teresabergada\/wp-json\/wp\/v2\/users\/28"}],"replies":[{"embeddable":true,"href":"https:\/\/agora.xtec.cat\/esc-teresabergada\/wp-json\/wp\/v2\/comments?post=10158"}],"version-history":[{"count":3,"href":"https:\/\/agora.xtec.cat\/esc-teresabergada\/wp-json\/wp\/v2\/posts\/10158\/revisions"}],"predecessor-version":[{"id":10165,"href":"https:\/\/agora.xtec.cat\/esc-teresabergada\/wp-json\/wp\/v2\/posts\/10158\/revisions\/10165"}],"wp:attachment":[{"href":"https:\/\/agora.xtec.cat\/esc-teresabergada\/wp-json\/wp\/v2\/media?parent=10158"}],"wp:term":[{"taxonomy":"category","embeddable":true,"href":"https:\/\/agora.xtec.cat\/esc-teresabergada\/wp-json\/wp\/v2\/categories?post=10158"},{"taxonomy":"post_tag","embeddable":true,"href":"https:\/\/agora.xtec.cat\/esc-teresabergada\/wp-json\/wp\/v2\/tags?post=10158"}],"curies":[{"name":"wp","href":"https:\/\/api.w.org\/{rel}","templated":true}]}}