{"id":10144,"date":"2021-12-12T12:13:48","date_gmt":"2021-12-12T11:13:48","guid":{"rendered":"https:\/\/agora.xtec.cat\/esc-teresabergada\/?p=10144"},"modified":"2021-12-12T12:19:38","modified_gmt":"2021-12-12T11:19:38","slug":"i-tu-quin-neologisme-tries","status":"publish","type":"post","link":"https:\/\/agora.xtec.cat\/esc-teresabergada\/blocs-de-primaria\/6e\/i-tu-quin-neologisme-tries\/","title":{"rendered":"I TU, QUIN NEOLOGISME TRIES?"},"content":{"rendered":"<p style=\"text-align: justify\">Ja fa vuit anys que l\u2019Observatori de Neologia de la Universitat Pompeu Fabra\u00a0i l\u2019Institut d\u2019Estudis Catalans fan una crida oberta a participar en la tria del <strong><em>neologisme de l&#8217;any.<\/em><\/strong><\/p>\n<p><img loading=\"lazy\" decoding=\"async\" class=\"size-full wp-image-10150 aligncenter\" src=\"https:\/\/agora.xtec.cat\/esc-teresabergada\/wp-content\/uploads\/usu1533\/2021\/12\/Kai-Pannen-3-300x220-1.jpg\" alt=\"\" width=\"300\" height=\"220\" \/><\/p>\n<p style=\"text-align: justify\">I que s\u00f3n els <em><strong>neologismes<\/strong>? Doncs s<\/em>\u00f3n paraules que fem servir en el nostre dia\u00a0 a dia, i que o b\u00e9 no estan incloses al Diccionari de la llengua catalana, o si hi s\u00f3n, tenen un significat diferent. En anys anteriors: estelada (2014), dron (2015), cassolada (2017)&#8230;han estat alguns dels neologismes guanyadors; nom\u00e9s un per any.<\/p>\n<p><img loading=\"lazy\" decoding=\"async\" class=\"size-medium wp-image-10147 aligncenter\" src=\"https:\/\/agora.xtec.cat\/esc-teresabergada\/wp-content\/uploads\/usu1533\/2021\/12\/tria-del-neologisme-de-l-any_38_800x400-300x150.jpeg\" alt=\"\" width=\"300\" height=\"150\" srcset=\"https:\/\/agora.xtec.cat\/esc-teresabergada\/wp-content\/uploads\/usu1533\/2021\/12\/tria-del-neologisme-de-l-any_38_800x400-300x150.jpeg 300w, https:\/\/agora.xtec.cat\/esc-teresabergada\/wp-content\/uploads\/usu1533\/2021\/12\/tria-del-neologisme-de-l-any_38_800x400-768x384.jpeg 768w, https:\/\/agora.xtec.cat\/esc-teresabergada\/wp-content\/uploads\/usu1533\/2021\/12\/tria-del-neologisme-de-l-any_38_800x400.jpeg 800w\" sizes=\"auto, (max-width: 300px) 100vw, 300px\" \/><\/p>\n<p style=\"text-align: justify\">Aquest any, i com en cursos anteriors,<strong> l&#8217;alumnat de cicle superior de l&#8217;Escola Teresa Bergad\u00e0<\/strong> se suma a la crida i participa a nivell de classe. Les entitats organitzadores han triat deu paraules ben curioses i som tots\/es nosaltres qui podem decidir des de l&#8217;1 de desembre fins el dia 19.<\/p>\n<p style=\"text-align: justify\">Ser\u00e0 el 20 de desembre quan es far\u00e0 p\u00fablic el neologisme guanyador d&#8217;aquest any. Si voleu participar nom\u00e9s cal omplir el formulari que trobareu a <span style=\"color: #3366ff\"><strong>\u00a0<a style=\"color: #3366ff\" href=\"http:\/\/www.neologisme.cat\/\" target=\"_blank\" rel=\"noopener\">www.neologisme.cat<\/a>.<\/strong><\/span><\/p>\n<p><img loading=\"lazy\" decoding=\"async\" class=\"aligncenter wp-image-10145\" src=\"https:\/\/agora.xtec.cat\/esc-teresabergada\/wp-content\/uploads\/usu1533\/2021\/12\/neologime-de-any-2021-e1639307259154-300x261.png\" alt=\"\" width=\"400\" height=\"348\" srcset=\"https:\/\/agora.xtec.cat\/esc-teresabergada\/wp-content\/uploads\/usu1533\/2021\/12\/neologime-de-any-2021-e1639307259154-300x261.png 300w, https:\/\/agora.xtec.cat\/esc-teresabergada\/wp-content\/uploads\/usu1533\/2021\/12\/neologime-de-any-2021-e1639307259154-1024x890.png 1024w, https:\/\/agora.xtec.cat\/esc-teresabergada\/wp-content\/uploads\/usu1533\/2021\/12\/neologime-de-any-2021-e1639307259154-768x668.png 768w, https:\/\/agora.xtec.cat\/esc-teresabergada\/wp-content\/uploads\/usu1533\/2021\/12\/neologime-de-any-2021-e1639307259154.png 1240w\" sizes=\"auto, (max-width: 400px) 100vw, 400px\" \/><\/p>\n<p>&nbsp;<\/p>\n","protected":false},"excerpt":{"rendered":"<p>Ja fa vuit anys que l\u2019Observatori de Neologia de la Universitat Pompeu Fabra\u00a0i l\u2019Institut d\u2019Estudis Catalans fan una crida oberta a participar en la tria del neologisme de l&#8217;any.<\/p>\n<p>I que s\u00f3n els neologismes? Doncs s\u00f3n paraules que fem servir en el nostre dia\u00a0 a dia,&hellip;  <a href=\"https:\/\/agora.xtec.cat\/esc-teresabergada\/blocs-de-primaria\/6e\/i-tu-quin-neologisme-tries\/\" title=\"Read I TU, QUIN NEOLOGISME TRIES?\">Llegeix m\u00e9s\u00bb<\/a><\/p>\n","protected":false},"author":32,"featured_media":10145,"comment_status":"open","ping_status":"closed","sticky":false,"template":"","format":"standard","meta":{"_bbp_topic_count":0,"_bbp_reply_count":0,"_bbp_total_topic_count":0,"_bbp_total_reply_count":0,"_bbp_voice_count":0,"_bbp_anonymous_reply_count":0,"_bbp_topic_count_hidden":0,"_bbp_reply_count_hidden":0,"_bbp_forum_subforum_count":0,"footnotes":""},"categories":[349,240],"tags":[],"class_list":["post-10144","post","type-post","status-publish","format-standard","has-post-thumbnail","hentry","category-5e","category-6e"],"post_mailing_queue_ids":[],"_links":{"self":[{"href":"https:\/\/agora.xtec.cat\/esc-teresabergada\/wp-json\/wp\/v2\/posts\/10144","targetHints":{"allow":["GET"]}}],"collection":[{"href":"https:\/\/agora.xtec.cat\/esc-teresabergada\/wp-json\/wp\/v2\/posts"}],"about":[{"href":"https:\/\/agora.xtec.cat\/esc-teresabergada\/wp-json\/wp\/v2\/types\/post"}],"author":[{"embeddable":true,"href":"https:\/\/agora.xtec.cat\/esc-teresabergada\/wp-json\/wp\/v2\/users\/32"}],"replies":[{"embeddable":true,"href":"https:\/\/agora.xtec.cat\/esc-teresabergada\/wp-json\/wp\/v2\/comments?post=10144"}],"version-history":[{"count":3,"href":"https:\/\/agora.xtec.cat\/esc-teresabergada\/wp-json\/wp\/v2\/posts\/10144\/revisions"}],"predecessor-version":[{"id":10152,"href":"https:\/\/agora.xtec.cat\/esc-teresabergada\/wp-json\/wp\/v2\/posts\/10144\/revisions\/10152"}],"wp:featuredmedia":[{"embeddable":true,"href":"https:\/\/agora.xtec.cat\/esc-teresabergada\/wp-json\/wp\/v2\/media\/10145"}],"wp:attachment":[{"href":"https:\/\/agora.xtec.cat\/esc-teresabergada\/wp-json\/wp\/v2\/media?parent=10144"}],"wp:term":[{"taxonomy":"category","embeddable":true,"href":"https:\/\/agora.xtec.cat\/esc-teresabergada\/wp-json\/wp\/v2\/categories?post=10144"},{"taxonomy":"post_tag","embeddable":true,"href":"https:\/\/agora.xtec.cat\/esc-teresabergada\/wp-json\/wp\/v2\/tags?post=10144"}],"curies":[{"name":"wp","href":"https:\/\/api.w.org\/{rel}","templated":true}]}}