{"id":10139,"date":"2021-12-10T12:22:41","date_gmt":"2021-12-10T11:22:41","guid":{"rendered":"https:\/\/agora.xtec.cat\/esc-teresabergada\/?p=10139"},"modified":"2021-12-10T12:22:41","modified_gmt":"2021-12-10T11:22:41","slug":"portatils","status":"publish","type":"post","link":"https:\/\/agora.xtec.cat\/esc-teresabergada\/blocs-de-primaria\/6e\/portatils\/","title":{"rendered":"PORTATILS"},"content":{"rendered":"<p>Aquest curs el Departament d&#8217;Educaci\u00f3 ens ha donat port\u00e0tils a totes les escoles, als alumnes de 6\u00e8.<\/p>\n<p>El dia que ens van donar els port\u00e0tils a la nostra escola ens va canviar a tots molt la manera de treballar, ja que ens facilita els estudis i anem molt m\u00e9s r\u00e0pid treballant. \u00c9s una manera d&#8217;aprendre m\u00e9s motivadora. L&#8217;utilitzem per buscar informaci\u00f3, sobretot a medi, que no pas una altra cosa.<\/p>\n<p>Ens van donar un port\u00e0til per persona de la classe, aix\u00ed cadasc\u00fa t\u00e9 el seu propi i no hi ha conflictes a les escoles. Hem de tindre cura ja que els port\u00e0tils no s\u00f3n nostres <span style=\"font-weight: 400\">perqu\u00e8 els aniran utilitzant els altres cicles segon vagin pujant de curs. <\/span><\/p>\n<p><span style=\"font-weight: 400\">Per a mi ha sigut una bona idea el tema dels port\u00e0tils perqu\u00e8 d&#8217;aquesta manera treballem tots molt m\u00e9s a gust.\u00a0<\/span><\/p>\n<p>&nbsp;<\/p>\n<p>Zaira Montero Muntada<\/p>\n","protected":false},"excerpt":{"rendered":"<p>Aquest curs el Departament d&#8217;Educaci\u00f3 ens ha donat port\u00e0tils a totes les escoles, als alumnes de 6\u00e8.<br \/>\nEl dia que ens van donar els port\u00e0tils a la nostra escola ens va canviar a tots molt la manera de treballar, ja que ens facilita els estudis i&hellip;  <a href=\"https:\/\/agora.xtec.cat\/esc-teresabergada\/blocs-de-primaria\/6e\/portatils\/\" title=\"Read PORTATILS\">Llegeix m\u00e9s\u00bb<\/a><\/p>\n","protected":false},"author":28,"featured_media":10140,"comment_status":"open","ping_status":"closed","sticky":false,"template":"","format":"standard","meta":{"_bbp_topic_count":0,"_bbp_reply_count":0,"_bbp_total_topic_count":0,"_bbp_total_reply_count":0,"_bbp_voice_count":0,"_bbp_anonymous_reply_count":0,"_bbp_topic_count_hidden":0,"_bbp_reply_count_hidden":0,"_bbp_forum_subforum_count":0,"footnotes":""},"categories":[240],"tags":[],"class_list":["post-10139","post","type-post","status-publish","format-standard","has-post-thumbnail","hentry","category-6e"],"post_mailing_queue_ids":[],"_links":{"self":[{"href":"https:\/\/agora.xtec.cat\/esc-teresabergada\/wp-json\/wp\/v2\/posts\/10139","targetHints":{"allow":["GET"]}}],"collection":[{"href":"https:\/\/agora.xtec.cat\/esc-teresabergada\/wp-json\/wp\/v2\/posts"}],"about":[{"href":"https:\/\/agora.xtec.cat\/esc-teresabergada\/wp-json\/wp\/v2\/types\/post"}],"author":[{"embeddable":true,"href":"https:\/\/agora.xtec.cat\/esc-teresabergada\/wp-json\/wp\/v2\/users\/28"}],"replies":[{"embeddable":true,"href":"https:\/\/agora.xtec.cat\/esc-teresabergada\/wp-json\/wp\/v2\/comments?post=10139"}],"version-history":[{"count":1,"href":"https:\/\/agora.xtec.cat\/esc-teresabergada\/wp-json\/wp\/v2\/posts\/10139\/revisions"}],"predecessor-version":[{"id":10141,"href":"https:\/\/agora.xtec.cat\/esc-teresabergada\/wp-json\/wp\/v2\/posts\/10139\/revisions\/10141"}],"wp:featuredmedia":[{"embeddable":true,"href":"https:\/\/agora.xtec.cat\/esc-teresabergada\/wp-json\/wp\/v2\/media\/10140"}],"wp:attachment":[{"href":"https:\/\/agora.xtec.cat\/esc-teresabergada\/wp-json\/wp\/v2\/media?parent=10139"}],"wp:term":[{"taxonomy":"category","embeddable":true,"href":"https:\/\/agora.xtec.cat\/esc-teresabergada\/wp-json\/wp\/v2\/categories?post=10139"},{"taxonomy":"post_tag","embeddable":true,"href":"https:\/\/agora.xtec.cat\/esc-teresabergada\/wp-json\/wp\/v2\/tags?post=10139"}],"curies":[{"name":"wp","href":"https:\/\/api.w.org\/{rel}","templated":true}]}}