{"id":10133,"date":"2022-01-10T08:22:40","date_gmt":"2022-01-10T07:22:40","guid":{"rendered":"https:\/\/agora.xtec.cat\/esc-teresabergada\/?p=10133"},"modified":"2022-01-10T08:22:40","modified_gmt":"2022-01-10T07:22:40","slug":"la-linia-de-vida-del-jose","status":"publish","type":"post","link":"https:\/\/agora.xtec.cat\/esc-teresabergada\/infantil\/i4\/la-linia-de-vida-del-jose\/","title":{"rendered":"La l\u00ednia de vida del JOS\u00c9"},"content":{"rendered":"<p>La l\u00ednia de la vida del Jos\u00e9, ens la va presentar ell i la seva mare Laura. El Jos\u00e9 molt emocionat per poder ensenyar les fotos dels moments m\u00e9s significatius de la seva vida, sobretot al costat de la fam\u00edlia. Sent admiraci\u00f3 pel pare i molta estimaci\u00f3 per la mare, les germanes, els cosins i sobretot pel seu cos\u00ed Adama. Li agrada ajudar al pare a fer la posada a punt del cotxe i celebrar el seu aniversari. Tamb\u00e9 recorda amb il\u00b7lusi\u00f3 els moments familiars a la platja. Tot molt entranyable, gr\u00e0cies a l&#8217;explicaci\u00f3 de la Laura, la seva mare.<\/p>\n<p><a href=\"https:\/\/drive.google.com\/drive\/folders\/1rABc6fCdF2zO6YvfLhD4a9DJ9VRbHE8z?usp=sharing\"><img loading=\"lazy\" decoding=\"async\" class=\"alignnone wp-image-10201\" src=\"https:\/\/agora.xtec.cat\/esc-teresabergada\/wp-content\/uploads\/usu1533\/2022\/01\/laura-jose2-1024x768.jpg\" alt=\"\" width=\"454\" height=\"341\" \/><\/a><\/p>\n<p>&nbsp;<\/p>\n","protected":false},"excerpt":{"rendered":"<p>La l\u00ednia de la vida del Jos\u00e9, ens la va presentar ell i la seva mare Laura. El Jos\u00e9 molt emocionat per poder ensenyar les fotos dels moments m\u00e9s significatius de la seva vida, sobretot al costat de la fam\u00edlia. Sent admiraci\u00f3 pel pare i&hellip;  <a href=\"https:\/\/agora.xtec.cat\/esc-teresabergada\/infantil\/i4\/la-linia-de-vida-del-jose\/\" title=\"Read La l\u00ednia de vida del JOS\u00c9\">Llegeix m\u00e9s\u00bb<\/a><\/p>\n","protected":false},"author":12,"featured_media":9977,"comment_status":"open","ping_status":"closed","sticky":false,"template":"","format":"standard","meta":{"_bbp_topic_count":0,"_bbp_reply_count":0,"_bbp_total_topic_count":0,"_bbp_total_reply_count":0,"_bbp_voice_count":0,"_bbp_anonymous_reply_count":0,"_bbp_topic_count_hidden":0,"_bbp_reply_count_hidden":0,"_bbp_forum_subforum_count":0,"footnotes":""},"categories":[236],"tags":[121,595],"class_list":["post-10133","post","type-post","status-publish","format-standard","has-post-thumbnail","hentry","category-i4","tag-educacio-infantil","tag-linia-de-la-vida"],"post_mailing_queue_ids":[],"_links":{"self":[{"href":"https:\/\/agora.xtec.cat\/esc-teresabergada\/wp-json\/wp\/v2\/posts\/10133","targetHints":{"allow":["GET"]}}],"collection":[{"href":"https:\/\/agora.xtec.cat\/esc-teresabergada\/wp-json\/wp\/v2\/posts"}],"about":[{"href":"https:\/\/agora.xtec.cat\/esc-teresabergada\/wp-json\/wp\/v2\/types\/post"}],"author":[{"embeddable":true,"href":"https:\/\/agora.xtec.cat\/esc-teresabergada\/wp-json\/wp\/v2\/users\/12"}],"replies":[{"embeddable":true,"href":"https:\/\/agora.xtec.cat\/esc-teresabergada\/wp-json\/wp\/v2\/comments?post=10133"}],"version-history":[{"count":3,"href":"https:\/\/agora.xtec.cat\/esc-teresabergada\/wp-json\/wp\/v2\/posts\/10133\/revisions"}],"predecessor-version":[{"id":10206,"href":"https:\/\/agora.xtec.cat\/esc-teresabergada\/wp-json\/wp\/v2\/posts\/10133\/revisions\/10206"}],"wp:featuredmedia":[{"embeddable":true,"href":"https:\/\/agora.xtec.cat\/esc-teresabergada\/wp-json\/wp\/v2\/media\/9977"}],"wp:attachment":[{"href":"https:\/\/agora.xtec.cat\/esc-teresabergada\/wp-json\/wp\/v2\/media?parent=10133"}],"wp:term":[{"taxonomy":"category","embeddable":true,"href":"https:\/\/agora.xtec.cat\/esc-teresabergada\/wp-json\/wp\/v2\/categories?post=10133"},{"taxonomy":"post_tag","embeddable":true,"href":"https:\/\/agora.xtec.cat\/esc-teresabergada\/wp-json\/wp\/v2\/tags?post=10133"}],"curies":[{"name":"wp","href":"https:\/\/api.w.org\/{rel}","templated":true}]}}