{"id":10125,"date":"2021-12-01T12:27:07","date_gmt":"2021-12-01T11:27:07","guid":{"rendered":"https:\/\/agora.xtec.cat\/esc-teresabergada\/?p=10125"},"modified":"2022-07-11T11:02:28","modified_gmt":"2022-07-11T09:02:28","slug":"fem-lapbooks-pel-projecte-del-cos-huma","status":"publish","type":"post","link":"https:\/\/agora.xtec.cat\/esc-teresabergada\/blocs-de-primaria\/5e\/fem-lapbooks-pel-projecte-del-cos-huma\/","title":{"rendered":"FEM LAPBOOKS PEL PROJECTE DEL COS HUM\u00c0"},"content":{"rendered":"<p style=\"text-align: justify;\">El dia 24 de novembre, a la classe de 5\u00e8B, ens van presentar els lapbooks. Haviem de fer quatre lapbooks: un dels ossos, un dels m\u00fasculs, un de la medul\u00b7la espinal i l&#8217;enc\u00e8fal ( la part central del sistema nervi\u00f3s), i per \u00faltim el lapbook dels cinc sentits.<\/p>\n<p style=\"text-align: justify;\">La meva taula (el Nil, la Lua, la Julia, el Pol i jo) vol\u00edem fer el lapbook dels ossos, per\u00f2 un altre grup tamb\u00e9 ho volia. Per aix\u00f2 ens ho vam jugar a pedra, paper i tisora i vam guanyar nosaltres!! Aix\u00ed que la nostra taula fem el lapbook del ossos. La dada que m&#8217;agrada m\u00e9s \u00e9s l&#8217;os m\u00e9s petit del cos hum\u00e0, que mesura dos coma cinc o tres mil\u00b7l\u00edmetres i est\u00e0 a l&#8217;orella! Es diu estrep.<\/p>\n<p style=\"text-align: justify;\">Durant els propers dies acabarem els lapbooks.<\/p>\n<p>Adri\u00e0 Fuentes Figuerol<\/p>\n<p><a href=\"https:\/\/agora.xtec.cat\/esc-teresabergada\/wp-content\/uploads\/usu1533\/2021\/12\/IMG-20211201-WA0005.jpg\"><img loading=\"lazy\" decoding=\"async\" class=\"aligncenter wp-image-10126\" src=\"https:\/\/agora.xtec.cat\/esc-teresabergada\/wp-content\/uploads\/usu1533\/2021\/12\/IMG-20211201-WA0005.jpg\" alt=\"\" width=\"851\" height=\"638\" \/><\/a><\/p>\n","protected":false},"excerpt":{"rendered":"<p>El dia 24 de novembre, a la classe de 5\u00e8B, ens van presentar els lapbooks. Haviem de fer quatre lapbooks: un dels ossos, un dels m\u00fasculs, un de la medul\u00b7la espinal i l&#8217;enc\u00e8fal ( la part central del sistema nervi\u00f3s), i per \u00faltim el lapbook&hellip;  <a href=\"https:\/\/agora.xtec.cat\/esc-teresabergada\/blocs-de-primaria\/5e\/fem-lapbooks-pel-projecte-del-cos-huma\/\" title=\"Read FEM LAPBOOKS PEL PROJECTE DEL COS HUM\u00c0\">Llegeix m\u00e9s\u00bb<\/a><\/p>\n","protected":false},"author":1,"featured_media":0,"comment_status":"open","ping_status":"closed","sticky":false,"template":"","format":"standard","meta":{"_bbp_topic_count":0,"_bbp_reply_count":0,"_bbp_total_topic_count":0,"_bbp_total_reply_count":0,"_bbp_voice_count":0,"_bbp_anonymous_reply_count":0,"_bbp_topic_count_hidden":0,"_bbp_reply_count_hidden":0,"_bbp_forum_subforum_count":0,"footnotes":""},"categories":[349],"tags":[],"class_list":["post-10125","post","type-post","status-publish","format-standard","hentry","category-5e"],"post_mailing_queue_ids":[],"_links":{"self":[{"href":"https:\/\/agora.xtec.cat\/esc-teresabergada\/wp-json\/wp\/v2\/posts\/10125","targetHints":{"allow":["GET"]}}],"collection":[{"href":"https:\/\/agora.xtec.cat\/esc-teresabergada\/wp-json\/wp\/v2\/posts"}],"about":[{"href":"https:\/\/agora.xtec.cat\/esc-teresabergada\/wp-json\/wp\/v2\/types\/post"}],"author":[{"embeddable":true,"href":"https:\/\/agora.xtec.cat\/esc-teresabergada\/wp-json\/wp\/v2\/users\/1"}],"replies":[{"embeddable":true,"href":"https:\/\/agora.xtec.cat\/esc-teresabergada\/wp-json\/wp\/v2\/comments?post=10125"}],"version-history":[{"count":2,"href":"https:\/\/agora.xtec.cat\/esc-teresabergada\/wp-json\/wp\/v2\/posts\/10125\/revisions"}],"predecessor-version":[{"id":10128,"href":"https:\/\/agora.xtec.cat\/esc-teresabergada\/wp-json\/wp\/v2\/posts\/10125\/revisions\/10128"}],"wp:attachment":[{"href":"https:\/\/agora.xtec.cat\/esc-teresabergada\/wp-json\/wp\/v2\/media?parent=10125"}],"wp:term":[{"taxonomy":"category","embeddable":true,"href":"https:\/\/agora.xtec.cat\/esc-teresabergada\/wp-json\/wp\/v2\/categories?post=10125"},{"taxonomy":"post_tag","embeddable":true,"href":"https:\/\/agora.xtec.cat\/esc-teresabergada\/wp-json\/wp\/v2\/tags?post=10125"}],"curies":[{"name":"wp","href":"https:\/\/api.w.org\/{rel}","templated":true}]}}