{"id":10079,"date":"2021-11-24T16:12:28","date_gmt":"2021-11-24T15:12:28","guid":{"rendered":"https:\/\/agora.xtec.cat\/esc-teresabergada\/?p=10079"},"modified":"2021-11-24T16:12:28","modified_gmt":"2021-11-24T15:12:28","slug":"projecte-aficions-compartides-17","status":"publish","type":"post","link":"https:\/\/agora.xtec.cat\/esc-teresabergada\/infantil\/i5\/projecte-aficions-compartides-17\/","title":{"rendered":"Projecte &#8211; Aficions compartides"},"content":{"rendered":"<p>L&#8217;Aina i la seva mare ens han explicat quina \u00e9s l&#8217;afici\u00f3 que comparteixen amb tota la fam\u00edlia:<\/p>\n<p><strong>VIATJAR AMB CARAVANA!<\/strong><\/p>\n<p>Ens han mostrat molts dels llocs on han anat, quins c\u00e0mpings s\u00f3n els que m\u00e9s els hi han agradat. A m\u00e9s, l&#8217;Aina ens ha fet un &#8220;tour&#8221; de la seva caravana, ens ha explicat qu\u00e8 hi trobem a dins, quin \u00e9s el seu llit i com est\u00e0 distribu\u00efda! Per acabar, ens han portat un dibuix per tots\/es d&#8217;una caravana personalitzada amb els nostres noms per poder pintar-lo i enganxar uns adhesius.<\/p>\n<p><a href=\"https:\/\/agora.xtec.cat\/esc-teresabergada\/wp-content\/uploads\/usu1533\/2021\/11\/IMG_3976.HEIC-scaled-e1637765688513.jpg\"><img loading=\"lazy\" decoding=\"async\" class=\"alignnone wp-image-10080 \" src=\"https:\/\/agora.xtec.cat\/esc-teresabergada\/wp-content\/uploads\/usu1533\/2021\/11\/IMG_3976.HEIC-scaled-e1637765688513-1024x720.jpg\" alt=\"\" width=\"364\" height=\"256\" \/><\/a> <a href=\"https:\/\/agora.xtec.cat\/esc-teresabergada\/wp-content\/uploads\/usu1533\/2021\/11\/IMG_3978.HEIC-scaled-e1637765740523.jpg\"><img loading=\"lazy\" decoding=\"async\" class=\"alignnone wp-image-10081 \" src=\"https:\/\/agora.xtec.cat\/esc-teresabergada\/wp-content\/uploads\/usu1533\/2021\/11\/IMG_3978.HEIC-scaled-e1637765740523-1024x742.jpg\" alt=\"\" width=\"354\" height=\"257\" \/><\/a><\/p>\n<p>&nbsp;<\/p>\n","protected":false},"excerpt":{"rendered":"<p>L&#8217;Aina i la seva mare ens han explicat quina \u00e9s l&#8217;afici\u00f3 que comparteixen amb tota la fam\u00edlia:<br \/>\nVIATJAR AMB CARAVANA!<br \/>\nEns han mostrat molts dels llocs on han anat, quins c\u00e0mpings s\u00f3n els que m\u00e9s els hi han agradat. A m\u00e9s, l&#8217;Aina ens ha fet un &#8220;tour&#8221;&hellip;  <a href=\"https:\/\/agora.xtec.cat\/esc-teresabergada\/infantil\/i5\/projecte-aficions-compartides-17\/\" title=\"Read Projecte &#8211; Aficions compartides\">Llegeix m\u00e9s\u00bb<\/a><\/p>\n","protected":false},"author":1,"featured_media":0,"comment_status":"open","ping_status":"closed","sticky":false,"template":"","format":"standard","meta":{"_bbp_topic_count":0,"_bbp_reply_count":0,"_bbp_total_topic_count":0,"_bbp_total_reply_count":0,"_bbp_voice_count":0,"_bbp_anonymous_reply_count":0,"_bbp_topic_count_hidden":0,"_bbp_reply_count_hidden":0,"_bbp_forum_subforum_count":0,"footnotes":""},"categories":[251],"tags":[448,218],"class_list":["post-10079","post","type-post","status-publish","format-standard","hentry","category-i5","tag-aficions-compartides","tag-p5"],"post_mailing_queue_ids":[],"_links":{"self":[{"href":"https:\/\/agora.xtec.cat\/esc-teresabergada\/wp-json\/wp\/v2\/posts\/10079","targetHints":{"allow":["GET"]}}],"collection":[{"href":"https:\/\/agora.xtec.cat\/esc-teresabergada\/wp-json\/wp\/v2\/posts"}],"about":[{"href":"https:\/\/agora.xtec.cat\/esc-teresabergada\/wp-json\/wp\/v2\/types\/post"}],"author":[{"embeddable":true,"href":"https:\/\/agora.xtec.cat\/esc-teresabergada\/wp-json\/wp\/v2\/users\/1"}],"replies":[{"embeddable":true,"href":"https:\/\/agora.xtec.cat\/esc-teresabergada\/wp-json\/wp\/v2\/comments?post=10079"}],"version-history":[{"count":2,"href":"https:\/\/agora.xtec.cat\/esc-teresabergada\/wp-json\/wp\/v2\/posts\/10079\/revisions"}],"predecessor-version":[{"id":10083,"href":"https:\/\/agora.xtec.cat\/esc-teresabergada\/wp-json\/wp\/v2\/posts\/10079\/revisions\/10083"}],"wp:attachment":[{"href":"https:\/\/agora.xtec.cat\/esc-teresabergada\/wp-json\/wp\/v2\/media?parent=10079"}],"wp:term":[{"taxonomy":"category","embeddable":true,"href":"https:\/\/agora.xtec.cat\/esc-teresabergada\/wp-json\/wp\/v2\/categories?post=10079"},{"taxonomy":"post_tag","embeddable":true,"href":"https:\/\/agora.xtec.cat\/esc-teresabergada\/wp-json\/wp\/v2\/tags?post=10079"}],"curies":[{"name":"wp","href":"https:\/\/api.w.org\/{rel}","templated":true}]}}