{"id":10068,"date":"2021-11-24T15:45:12","date_gmt":"2021-11-24T14:45:12","guid":{"rendered":"https:\/\/agora.xtec.cat\/esc-teresabergada\/?p=10068"},"modified":"2021-11-24T15:45:31","modified_gmt":"2021-11-24T14:45:31","slug":"projecte-aficions-compartides-14","status":"publish","type":"post","link":"https:\/\/agora.xtec.cat\/esc-teresabergada\/infantil\/i5\/projecte-aficions-compartides-14\/","title":{"rendered":"Projecte &#8211; Aficions compartides"},"content":{"rendered":"<p>Hem comen\u00e7at el projecte de les aficions compartides i han estat moltes fam\u00edlies que ja han explicat amb els seus fills i filles quines s\u00f3n les seves aficions.<\/p>\n<p>L&#8217;Emma i el seu pare van ser els primers! Tenen una afici\u00f3 molt bonica que comparteixen i gaudeixen junts:<\/p>\n<p><strong>ELS ANIMALS<\/strong><\/p>\n<p><a href=\"https:\/\/agora.xtec.cat\/esc-teresabergada\/wp-content\/uploads\/usu1533\/2021\/11\/IMG-20211023-WA0008.jpg\"><img loading=\"lazy\" decoding=\"async\" class=\"alignnone wp-image-10076\" src=\"https:\/\/agora.xtec.cat\/esc-teresabergada\/wp-content\/uploads\/usu1533\/2021\/11\/IMG-20211023-WA0008-768x1024.jpg\" alt=\"\" width=\"281\" height=\"374\" \/><\/a><a href=\"https:\/\/agora.xtec.cat\/esc-teresabergada\/wp-content\/uploads\/usu1533\/2021\/11\/IMG_3790.HEIC.jpg-scaled-e1637765011268.jpg\"><img loading=\"lazy\" decoding=\"async\" class=\"alignnone wp-image-10077 \" src=\"https:\/\/agora.xtec.cat\/esc-teresabergada\/wp-content\/uploads\/usu1533\/2021\/11\/IMG_3790.HEIC.jpg-scaled-e1637765011268-822x1024.jpg\" alt=\"\" width=\"305\" height=\"380\" \/><\/a><\/p>\n<p>&nbsp;<\/p>\n","protected":false},"excerpt":{"rendered":"<p>Hem comen\u00e7at el projecte de les aficions compartides i han estat moltes fam\u00edlies que ja han explicat amb els seus fills i filles quines s\u00f3n les seves aficions.<br \/>\nL&#8217;Emma i el seu pare van ser els primers! Tenen una afici\u00f3 molt bonica que comparteixen i gaudeixen&hellip;  <a href=\"https:\/\/agora.xtec.cat\/esc-teresabergada\/infantil\/i5\/projecte-aficions-compartides-14\/\" title=\"Read Projecte &#8211; Aficions compartides\">Llegeix m\u00e9s\u00bb<\/a><\/p>\n","protected":false},"author":1,"featured_media":0,"comment_status":"open","ping_status":"closed","sticky":false,"template":"","format":"standard","meta":{"_bbp_topic_count":0,"_bbp_reply_count":0,"_bbp_total_topic_count":0,"_bbp_total_reply_count":0,"_bbp_voice_count":0,"_bbp_anonymous_reply_count":0,"_bbp_topic_count_hidden":0,"_bbp_reply_count_hidden":0,"_bbp_forum_subforum_count":0,"footnotes":""},"categories":[251],"tags":[448,218],"class_list":["post-10068","post","type-post","status-publish","format-standard","hentry","category-i5","tag-aficions-compartides","tag-p5"],"post_mailing_queue_ids":[],"_links":{"self":[{"href":"https:\/\/agora.xtec.cat\/esc-teresabergada\/wp-json\/wp\/v2\/posts\/10068","targetHints":{"allow":["GET"]}}],"collection":[{"href":"https:\/\/agora.xtec.cat\/esc-teresabergada\/wp-json\/wp\/v2\/posts"}],"about":[{"href":"https:\/\/agora.xtec.cat\/esc-teresabergada\/wp-json\/wp\/v2\/types\/post"}],"author":[{"embeddable":true,"href":"https:\/\/agora.xtec.cat\/esc-teresabergada\/wp-json\/wp\/v2\/users\/1"}],"replies":[{"embeddable":true,"href":"https:\/\/agora.xtec.cat\/esc-teresabergada\/wp-json\/wp\/v2\/comments?post=10068"}],"version-history":[{"count":2,"href":"https:\/\/agora.xtec.cat\/esc-teresabergada\/wp-json\/wp\/v2\/posts\/10068\/revisions"}],"predecessor-version":[{"id":10078,"href":"https:\/\/agora.xtec.cat\/esc-teresabergada\/wp-json\/wp\/v2\/posts\/10068\/revisions\/10078"}],"wp:attachment":[{"href":"https:\/\/agora.xtec.cat\/esc-teresabergada\/wp-json\/wp\/v2\/media?parent=10068"}],"wp:term":[{"taxonomy":"category","embeddable":true,"href":"https:\/\/agora.xtec.cat\/esc-teresabergada\/wp-json\/wp\/v2\/categories?post=10068"},{"taxonomy":"post_tag","embeddable":true,"href":"https:\/\/agora.xtec.cat\/esc-teresabergada\/wp-json\/wp\/v2\/tags?post=10068"}],"curies":[{"name":"wp","href":"https:\/\/api.w.org\/{rel}","templated":true}]}}