{"id":10043,"date":"2021-11-21T13:43:16","date_gmt":"2021-11-21T12:43:16","guid":{"rendered":"https:\/\/agora.xtec.cat\/esc-teresabergada\/?p=10043"},"modified":"2022-06-07T00:32:20","modified_gmt":"2022-06-06T22:32:20","slug":"la-linia-de-la-vida-del-cedric","status":"publish","type":"post","link":"https:\/\/agora.xtec.cat\/esc-teresabergada\/infantil\/i4\/la-linia-de-la-vida-del-cedric\/","title":{"rendered":"La L\u00ednia de la vida del Cedric."},"content":{"rendered":"<p>El Cedric i la Isabel ja ens han vingut a exposar la L\u00ednia de la seva vida. Ha estat una explicaci\u00f3 molt emotiva pels moments tan especials que ens han presentat. Quina il\u00b7lusi\u00f3 i qu\u00e8 contents els dos ensenyant aquelles fotos tan ben triades. Amb els n\u00fameros de l&#8217;edat, de fons, ens han parlat dels primers moments de la seva vida i de la valentia d&#8217;una mare de decidir tenir-lo a ell com a fill i ser una fam\u00edlia de dos. Quin regalet aquell primer Nadal, tot just havent nascut. Sent tan petit\u00f3, augmentar la fam\u00edlia amb el papa ja va ser l&#8217;alegria d&#8217;aquesta fam\u00edlia tan especial. Una petita vida plena de sorpreses agradables com l&#8217;arribada del Gael, la qual cosa ja augmentava la fam\u00edlia fins a quatre. Comen\u00e7ament de l&#8217;escola dels grans i ja ho tenim complet. Uff, la pell de gallina amb tantes emocions.<\/p>\n<p>Gr\u00e0cies a tota la fam\u00edlia per fer tan am\u00e8 tantes decisions, emocions i not\u00edcies transcendentals.<\/p>\n<p><a href=\"https:\/\/drive.google.com\/drive\/folders\/1RQkCb7HEwrmgZuYJyS92Dj5E4E0MILxv?usp=sharing\"><img loading=\"lazy\" decoding=\"async\" class=\"alignnone wp-image-10044\" src=\"https:\/\/agora.xtec.cat\/esc-teresabergada\/wp-content\/uploads\/usu1533\/2021\/11\/1-1024x768.jpg\" alt=\"\" width=\"426\" height=\"319\" \/><\/a><\/p>\n<p>&nbsp;<\/p>\n<p>&nbsp;<\/p>\n<p>&nbsp;<\/p>\n<p>&nbsp;<\/p>\n<p>&nbsp;<\/p>\n","protected":false},"excerpt":{"rendered":"<p>El Cedric i la Isabel ja ens han vingut a exposar la L\u00ednia de la seva vida. Ha estat una explicaci\u00f3 molt emotiva pels moments tan especials que ens han presentat. Quina il\u00b7lusi\u00f3 i qu\u00e8 contents els dos ensenyant aquelles fotos tan ben triades. Amb&hellip;  <a href=\"https:\/\/agora.xtec.cat\/esc-teresabergada\/infantil\/i4\/la-linia-de-la-vida-del-cedric\/\" title=\"Read La L\u00ednia de la vida del Cedric.\">Llegeix m\u00e9s\u00bb<\/a><\/p>\n","protected":false},"author":12,"featured_media":9977,"comment_status":"open","ping_status":"closed","sticky":false,"template":"","format":"standard","meta":{"_bbp_topic_count":0,"_bbp_reply_count":0,"_bbp_total_topic_count":0,"_bbp_total_reply_count":0,"_bbp_voice_count":0,"_bbp_anonymous_reply_count":0,"_bbp_topic_count_hidden":0,"_bbp_reply_count_hidden":0,"_bbp_forum_subforum_count":0,"footnotes":""},"categories":[236],"tags":[121,595],"class_list":["post-10043","post","type-post","status-publish","format-standard","has-post-thumbnail","hentry","category-i4","tag-educacio-infantil","tag-linia-de-la-vida"],"post_mailing_queue_ids":[],"_links":{"self":[{"href":"https:\/\/agora.xtec.cat\/esc-teresabergada\/wp-json\/wp\/v2\/posts\/10043","targetHints":{"allow":["GET"]}}],"collection":[{"href":"https:\/\/agora.xtec.cat\/esc-teresabergada\/wp-json\/wp\/v2\/posts"}],"about":[{"href":"https:\/\/agora.xtec.cat\/esc-teresabergada\/wp-json\/wp\/v2\/types\/post"}],"author":[{"embeddable":true,"href":"https:\/\/agora.xtec.cat\/esc-teresabergada\/wp-json\/wp\/v2\/users\/12"}],"replies":[{"embeddable":true,"href":"https:\/\/agora.xtec.cat\/esc-teresabergada\/wp-json\/wp\/v2\/comments?post=10043"}],"version-history":[{"count":4,"href":"https:\/\/agora.xtec.cat\/esc-teresabergada\/wp-json\/wp\/v2\/posts\/10043\/revisions"}],"predecessor-version":[{"id":10778,"href":"https:\/\/agora.xtec.cat\/esc-teresabergada\/wp-json\/wp\/v2\/posts\/10043\/revisions\/10778"}],"wp:featuredmedia":[{"embeddable":true,"href":"https:\/\/agora.xtec.cat\/esc-teresabergada\/wp-json\/wp\/v2\/media\/9977"}],"wp:attachment":[{"href":"https:\/\/agora.xtec.cat\/esc-teresabergada\/wp-json\/wp\/v2\/media?parent=10043"}],"wp:term":[{"taxonomy":"category","embeddable":true,"href":"https:\/\/agora.xtec.cat\/esc-teresabergada\/wp-json\/wp\/v2\/categories?post=10043"},{"taxonomy":"post_tag","embeddable":true,"href":"https:\/\/agora.xtec.cat\/esc-teresabergada\/wp-json\/wp\/v2\/tags?post=10043"}],"curies":[{"name":"wp","href":"https:\/\/api.w.org\/{rel}","templated":true}]}}