{"id":10039,"date":"2021-11-22T13:34:38","date_gmt":"2021-11-22T12:34:38","guid":{"rendered":"https:\/\/agora.xtec.cat\/esc-teresabergada\/?p=10039"},"modified":"2021-11-22T13:34:38","modified_gmt":"2021-11-22T12:34:38","slug":"tallers-nereu-alimentacio-saludable","status":"publish","type":"post","link":"https:\/\/agora.xtec.cat\/esc-teresabergada\/infantil\/i4\/tallers-nereu-alimentacio-saludable\/","title":{"rendered":"Tallers Nereu: Alimentaci\u00f3 saludable."},"content":{"rendered":"<p>Dins del marc del Projecte Nereu, hem\u00a0 realitzat un taller d&#8217;alimentaci\u00f3 saludable que ha estat for\u00e7a exit\u00f3s entre l&#8217;alumnat d&#8217;Educaci\u00f3 Infantil.<\/p>\n<p>L&#8217;Arnau, la M\u00edriam, la Paula i la M\u00f2nica ens han proposat fer &#8220;Pa amb tom\u00e0quet&#8221;, un aliment ben nostrat. Han posat noms als ingredients, la tomata Tomatina, el pa Dami\u00e0 i l&#8217;oli d&#8217;oliva \u00d2liver. Mentre explicaven d&#8217;on surten els ingredients els nens i les nenes anaven elaborant un bon pa amb &#8220;tomata&#8221; que despr\u00e9s eren lliures de tastar-lo.<\/p>\n<p>Ara ja ho sabeu, fam\u00edlies, els vostres fills i filles ja saben fer un bon pa amb tom\u00e0quet i menjar-se&#8217;l tamb\u00e9.<\/p>\n<p>Aqu\u00ed teniu les fotos que vam fer.<\/p>\n<p><img loading=\"lazy\" decoding=\"async\" class=\"alignnone wp-image-10040\" src=\"https:\/\/agora.xtec.cat\/esc-teresabergada\/wp-content\/uploads\/usu1533\/2021\/11\/NEREU-CATALa-1024x472.jpg\" alt=\"\" width=\"131\" height=\"60\" srcset=\"https:\/\/agora.xtec.cat\/esc-teresabergada\/wp-content\/uploads\/usu1533\/2021\/11\/NEREU-CATALa-1024x472.jpg 1024w, https:\/\/agora.xtec.cat\/esc-teresabergada\/wp-content\/uploads\/usu1533\/2021\/11\/NEREU-CATALa-300x138.jpg 300w, https:\/\/agora.xtec.cat\/esc-teresabergada\/wp-content\/uploads\/usu1533\/2021\/11\/NEREU-CATALa-768x354.jpg 768w, https:\/\/agora.xtec.cat\/esc-teresabergada\/wp-content\/uploads\/usu1533\/2021\/11\/NEREU-CATALa-1536x707.jpg 1536w, https:\/\/agora.xtec.cat\/esc-teresabergada\/wp-content\/uploads\/usu1533\/2021\/11\/NEREU-CATALa.jpg 1772w\" sizes=\"auto, (max-width: 131px) 100vw, 131px\" \/><\/p>\n<p><a href=\"https:\/\/photos.app.goo.gl\/QoR5Zaa8wsnsCyr58\"><strong>P3<\/strong><\/a><\/p>\n<p><a href=\"https:\/\/photos.app.goo.gl\/9FuDL8VDiy8RB4SQ9\"><strong>P4<\/strong><\/a><\/p>\n<p><a href=\"https:\/\/photos.app.goo.gl\/nfy3NeabRZo1xFF1A\"><strong>P5<\/strong><\/a><\/p>\n<p>&nbsp;<\/p>\n<p>&nbsp;<\/p>\n","protected":false},"excerpt":{"rendered":"<p>Dins del marc del Projecte Nereu, hem\u00a0 realitzat un taller d&#8217;alimentaci\u00f3 saludable que ha estat for\u00e7a exit\u00f3s entre l&#8217;alumnat d&#8217;Educaci\u00f3 Infantil.<br \/>\nL&#8217;Arnau, la M\u00edriam, la Paula i la M\u00f2nica ens han proposat fer &#8220;Pa amb tom\u00e0quet&#8221;, un aliment ben nostrat. Han posat noms als ingredients, la&hellip;  <a href=\"https:\/\/agora.xtec.cat\/esc-teresabergada\/infantil\/i4\/tallers-nereu-alimentacio-saludable\/\" title=\"Read Tallers Nereu: Alimentaci\u00f3 saludable.\">Llegeix m\u00e9s\u00bb<\/a><\/p>\n","protected":false},"author":12,"featured_media":10052,"comment_status":"open","ping_status":"closed","sticky":false,"template":"","format":"standard","meta":{"_bbp_topic_count":0,"_bbp_reply_count":0,"_bbp_total_topic_count":0,"_bbp_total_reply_count":0,"_bbp_voice_count":0,"_bbp_anonymous_reply_count":0,"_bbp_topic_count_hidden":0,"_bbp_reply_count_hidden":0,"_bbp_forum_subforum_count":0,"footnotes":""},"categories":[515,236,251],"tags":[121,596],"class_list":["post-10039","post","type-post","status-publish","format-standard","has-post-thumbnail","hentry","category-i3","category-i4","category-i5","tag-educacio-infantil","tag-nereu"],"post_mailing_queue_ids":[],"_links":{"self":[{"href":"https:\/\/agora.xtec.cat\/esc-teresabergada\/wp-json\/wp\/v2\/posts\/10039","targetHints":{"allow":["GET"]}}],"collection":[{"href":"https:\/\/agora.xtec.cat\/esc-teresabergada\/wp-json\/wp\/v2\/posts"}],"about":[{"href":"https:\/\/agora.xtec.cat\/esc-teresabergada\/wp-json\/wp\/v2\/types\/post"}],"author":[{"embeddable":true,"href":"https:\/\/agora.xtec.cat\/esc-teresabergada\/wp-json\/wp\/v2\/users\/12"}],"replies":[{"embeddable":true,"href":"https:\/\/agora.xtec.cat\/esc-teresabergada\/wp-json\/wp\/v2\/comments?post=10039"}],"version-history":[{"count":3,"href":"https:\/\/agora.xtec.cat\/esc-teresabergada\/wp-json\/wp\/v2\/posts\/10039\/revisions"}],"predecessor-version":[{"id":10053,"href":"https:\/\/agora.xtec.cat\/esc-teresabergada\/wp-json\/wp\/v2\/posts\/10039\/revisions\/10053"}],"wp:featuredmedia":[{"embeddable":true,"href":"https:\/\/agora.xtec.cat\/esc-teresabergada\/wp-json\/wp\/v2\/media\/10052"}],"wp:attachment":[{"href":"https:\/\/agora.xtec.cat\/esc-teresabergada\/wp-json\/wp\/v2\/media?parent=10039"}],"wp:term":[{"taxonomy":"category","embeddable":true,"href":"https:\/\/agora.xtec.cat\/esc-teresabergada\/wp-json\/wp\/v2\/categories?post=10039"},{"taxonomy":"post_tag","embeddable":true,"href":"https:\/\/agora.xtec.cat\/esc-teresabergada\/wp-json\/wp\/v2\/tags?post=10039"}],"curies":[{"name":"wp","href":"https:\/\/api.w.org\/{rel}","templated":true}]}}