{"id":10028,"date":"2021-11-19T12:01:03","date_gmt":"2021-11-19T11:01:03","guid":{"rendered":"https:\/\/agora.xtec.cat\/esc-teresabergada\/?p=10028"},"modified":"2021-11-19T12:01:03","modified_gmt":"2021-11-19T11:01:03","slug":"tallers-saludables","status":"publish","type":"post","link":"https:\/\/agora.xtec.cat\/esc-teresabergada\/general\/tallers-saludables\/","title":{"rendered":"TALLERS SALUDABLES"},"content":{"rendered":"<h3 style=\"text-align: left\"><strong>L&#8217;etiquetatge<\/strong><\/h3>\n<p>El dimarts, dia 16, van venir a la classe la Marina i la Paula, unes noies del Nereu que ens van venir a fer una xerrada sobre l&#8217;etiquetatge dels aliments.<\/p>\n<p style=\"text-align: justify\">Ens van ensenyar exemples de publicitat enganyosa i tamb\u00e9 quant sucre portaven alguns aliments que mengem dia a dia. Ens vam sorprendre molt! Tamb\u00e9 vam aprendre a llegir etiquetes per triar millor el que mengem. Al final, ens van donar a a cada grup un aliment diferent i hav\u00edem de respondre algunes preguntes llegint els ingredients i la taula nutricional. Vam aprendre moltes coses!<\/p>\n<p><a href=\"https:\/\/agora.xtec.cat\/esc-teresabergada\/wp-content\/uploads\/usu1533\/2021\/11\/1637318448625.jpg\"><img loading=\"lazy\" decoding=\"async\" class=\"alignnone  wp-image-10033\" src=\"https:\/\/agora.xtec.cat\/esc-teresabergada\/wp-content\/uploads\/usu1533\/2021\/11\/1637318448625-768x1024.jpg\" alt=\"\" width=\"165\" height=\"220\" \/> \u00a0<\/a><a href=\"https:\/\/agora.xtec.cat\/esc-teresabergada\/wp-content\/uploads\/usu1533\/2021\/11\/1637318448622.jpg\"><img loading=\"lazy\" decoding=\"async\" class=\"alignnone  wp-image-10032\" src=\"https:\/\/agora.xtec.cat\/esc-teresabergada\/wp-content\/uploads\/usu1533\/2021\/11\/1637318448622-1024x768.jpg\" alt=\"\" width=\"295\" height=\"221\" \/>\u00a0<\/a><\/p>\n<p><a href=\"https:\/\/agora.xtec.cat\/esc-teresabergada\/wp-content\/uploads\/usu1533\/2021\/11\/1637318448619.jpg\"><img loading=\"lazy\" decoding=\"async\" class=\"alignnone  wp-image-10031\" src=\"https:\/\/agora.xtec.cat\/esc-teresabergada\/wp-content\/uploads\/usu1533\/2021\/11\/1637318448619-1024x768.jpg\" alt=\"\" width=\"281\" height=\"211\" \/>\u00a0\u00a0 <\/a><a href=\"https:\/\/agora.xtec.cat\/esc-teresabergada\/wp-content\/uploads\/usu1533\/2021\/11\/1637318448628.jpg\"><img loading=\"lazy\" decoding=\"async\" class=\"alignnone  wp-image-10030\" src=\"https:\/\/agora.xtec.cat\/esc-teresabergada\/wp-content\/uploads\/usu1533\/2021\/11\/1637318448628-1024x768.jpg\" alt=\"\" width=\"279\" height=\"209\" \/><\/a><\/p>\n<h3><\/h3>\n<h3 style=\"text-align: left\"><strong>Taller d&#8217;expressi\u00f3 corporal<\/strong><\/h3>\n<p style=\"text-align: justify\">La mateixa setmana, el dilluns, va venir a l&#8217;escola la Marta, una ballarina que ens va ajudar als alumnes de cicle superior amb el projecte del cos hum\u00e0, exactament a entendre millor l&#8217;aparell locomotor.<\/p>\n<p style=\"text-align: justify\">Vam fer quatre activitats per treballar-ho. La primera activitat consistia en crear una bombolla imagin\u00e0ria amb totes les parts del nostre cos. En la segona activitat hav\u00edem d&#8217;explotar les bombolles imagin\u00e0ries dels\/les alumnes de l&#8217;altra classe i elles\/ells a nosaltres. En la tercera hav\u00edem de ficar-nos per parelles per fer d&#8217;escultors\/es movent les parts del cos de l&#8217;altra persona i al rev\u00e9s. I en la quarta i \u00faltima, tamb\u00e9 ens hav\u00edem de ficar per parelles i fer una petita actuaci\u00f3 de situacions que ens poden passar a la vida quotidiana per\u00f2 sense parlar, nom\u00e9s fent gestos amb el cos. M&#8217;ho vaig passar molt b\u00e9!<\/p>\n<p><a href=\"https:\/\/agora.xtec.cat\/esc-teresabergada\/wp-content\/uploads\/usu1533\/2021\/11\/1637318427967-1-scaled.jpg\"><img loading=\"lazy\" decoding=\"async\" class=\"alignnone  wp-image-10034\" src=\"https:\/\/agora.xtec.cat\/esc-teresabergada\/wp-content\/uploads\/usu1533\/2021\/11\/1637318427967-1-1024x768.jpg\" alt=\"\" width=\"670\" height=\"502\" \/><\/a><\/p>\n<p>Duna Nogueras<\/p>\n","protected":false},"excerpt":{"rendered":"<p>L&#8217;etiquetatge<br \/>\nEl dimarts, dia 16, van venir a la classe la Marina i la Paula, unes noies del Nereu que ens van venir a fer una xerrada sobre l&#8217;etiquetatge dels aliments.<br \/>\nEns van ensenyar exemples de publicitat enganyosa i tamb\u00e9 quant sucre portaven alguns aliments que mengem&hellip;  <a href=\"https:\/\/agora.xtec.cat\/esc-teresabergada\/general\/tallers-saludables\/\" title=\"Read TALLERS SALUDABLES\">Llegeix m\u00e9s\u00bb<\/a><\/p>\n","protected":false},"author":28,"featured_media":10035,"comment_status":"open","ping_status":"closed","sticky":false,"template":"","format":"standard","meta":{"_bbp_topic_count":0,"_bbp_reply_count":0,"_bbp_total_topic_count":0,"_bbp_total_reply_count":0,"_bbp_voice_count":0,"_bbp_anonymous_reply_count":0,"_bbp_topic_count_hidden":0,"_bbp_reply_count_hidden":0,"_bbp_forum_subforum_count":0,"footnotes":""},"categories":[240,1],"tags":[],"class_list":["post-10028","post","type-post","status-publish","format-standard","has-post-thumbnail","hentry","category-6e","category-general"],"post_mailing_queue_ids":[],"_links":{"self":[{"href":"https:\/\/agora.xtec.cat\/esc-teresabergada\/wp-json\/wp\/v2\/posts\/10028","targetHints":{"allow":["GET"]}}],"collection":[{"href":"https:\/\/agora.xtec.cat\/esc-teresabergada\/wp-json\/wp\/v2\/posts"}],"about":[{"href":"https:\/\/agora.xtec.cat\/esc-teresabergada\/wp-json\/wp\/v2\/types\/post"}],"author":[{"embeddable":true,"href":"https:\/\/agora.xtec.cat\/esc-teresabergada\/wp-json\/wp\/v2\/users\/28"}],"replies":[{"embeddable":true,"href":"https:\/\/agora.xtec.cat\/esc-teresabergada\/wp-json\/wp\/v2\/comments?post=10028"}],"version-history":[{"count":1,"href":"https:\/\/agora.xtec.cat\/esc-teresabergada\/wp-json\/wp\/v2\/posts\/10028\/revisions"}],"predecessor-version":[{"id":10036,"href":"https:\/\/agora.xtec.cat\/esc-teresabergada\/wp-json\/wp\/v2\/posts\/10028\/revisions\/10036"}],"wp:featuredmedia":[{"embeddable":true,"href":"https:\/\/agora.xtec.cat\/esc-teresabergada\/wp-json\/wp\/v2\/media\/10035"}],"wp:attachment":[{"href":"https:\/\/agora.xtec.cat\/esc-teresabergada\/wp-json\/wp\/v2\/media?parent=10028"}],"wp:term":[{"taxonomy":"category","embeddable":true,"href":"https:\/\/agora.xtec.cat\/esc-teresabergada\/wp-json\/wp\/v2\/categories?post=10028"},{"taxonomy":"post_tag","embeddable":true,"href":"https:\/\/agora.xtec.cat\/esc-teresabergada\/wp-json\/wp\/v2\/tags?post=10028"}],"curies":[{"name":"wp","href":"https:\/\/api.w.org\/{rel}","templated":true}]}}