{"id":10012,"date":"2021-11-17T11:33:51","date_gmt":"2021-11-17T10:33:51","guid":{"rendered":"https:\/\/agora.xtec.cat\/esc-teresabergada\/?p=10012"},"modified":"2022-07-11T10:55:33","modified_gmt":"2022-07-11T08:55:33","slug":"taller-de-nutricio","status":"publish","type":"post","link":"https:\/\/agora.xtec.cat\/esc-teresabergada\/blocs-de-primaria\/6e\/taller-de-nutricio\/","title":{"rendered":"Taller de Nutrici\u00f3"},"content":{"rendered":"<p style=\"text-align: justify;\">Ahir, dia 16 de Novembre, despr\u00e9s del pati, varen venir uns nutricionistes de Nereu, un equip que promou en els nens i nenes, adolescents i adults una alimentaci\u00f3 de manera saludable. El taller tractava sobre l&#8217;etiquetatge dels aliments, ja que alguns productes diuen ser una cosa, per\u00f2 al llegir els ingredients, ens adonem que ens estan enganyant.<\/p>\n<p style=\"text-align: justify;\">La OMS (Organitzaci\u00f3 Mundial de la Salud) recomana menjar entre 10-15 g de sucre al dia en infants. Si en mengem en exc\u00e9s, pot provocar diferents malalties de grans, com per exemple la diabetis. Aix\u00f2 no significa que hem de deixar de menjar-ne, ja que de tant en tant podem permetren&#8217;s alguna galeta, xocolatina&#8230;<\/p>\n<p style=\"text-align: justify;\">Una curiositat que m&#8217;agradaria ressaltar, es qu\u00e8 hi ha m\u00e9s de 50 maneres de mencionar el sucre! Per exemple: &#8220;jarabe de glucosa&#8221;, fructosa, mel&#8230;<\/p>\n<p style=\"text-align: justify;\">Va ser un taller molt INTERESSANT!<\/p>\n<p style=\"text-align: justify;\">Ferran Vilamaj\u00f3 Fontanet<\/p>\n<p style=\"text-align: justify;\"><a href=\"https:\/\/agora.xtec.cat\/esc-teresabergada\/wp-content\/uploads\/usu1533\/2021\/11\/NEREU-CATALAN.jpg\"><img loading=\"lazy\" decoding=\"async\" class=\"aligncenter size-full wp-image-10013\" src=\"https:\/\/agora.xtec.cat\/esc-teresabergada\/wp-content\/uploads\/usu1533\/2021\/11\/NEREU-CATALAN.jpg\" alt=\"\" width=\"1772\" height=\"816\" srcset=\"https:\/\/agora.xtec.cat\/esc-teresabergada\/wp-content\/uploads\/usu1533\/2021\/11\/NEREU-CATALAN.jpg 1772w, https:\/\/agora.xtec.cat\/esc-teresabergada\/wp-content\/uploads\/usu1533\/2021\/11\/NEREU-CATALAN-300x138.jpg 300w, https:\/\/agora.xtec.cat\/esc-teresabergada\/wp-content\/uploads\/usu1533\/2021\/11\/NEREU-CATALAN-1024x472.jpg 1024w, https:\/\/agora.xtec.cat\/esc-teresabergada\/wp-content\/uploads\/usu1533\/2021\/11\/NEREU-CATALAN-768x354.jpg 768w, https:\/\/agora.xtec.cat\/esc-teresabergada\/wp-content\/uploads\/usu1533\/2021\/11\/NEREU-CATALAN-1536x707.jpg 1536w\" sizes=\"auto, (max-width: 1772px) 100vw, 1772px\" \/><\/a><\/p>\n<h6><\/h6>\n","protected":false},"excerpt":{"rendered":"<p>Ahir, dia 16 de Novembre, despr\u00e9s del pati, varen venir uns nutricionistes de Nereu, un equip que promou en els nens i nenes, adolescents i adults una alimentaci\u00f3 de manera saludable. El taller tractava sobre l&#8217;etiquetatge dels aliments, ja que alguns productes diuen ser una&hellip;  <a href=\"https:\/\/agora.xtec.cat\/esc-teresabergada\/blocs-de-primaria\/6e\/taller-de-nutricio\/\" title=\"Read Taller de Nutrici\u00f3\">Llegeix m\u00e9s\u00bb<\/a><\/p>\n","protected":false},"author":1,"featured_media":10013,"comment_status":"open","ping_status":"closed","sticky":false,"template":"","format":"standard","meta":{"_bbp_topic_count":0,"_bbp_reply_count":0,"_bbp_total_topic_count":0,"_bbp_total_reply_count":0,"_bbp_voice_count":0,"_bbp_anonymous_reply_count":0,"_bbp_topic_count_hidden":0,"_bbp_reply_count_hidden":0,"_bbp_forum_subforum_count":0,"footnotes":""},"categories":[240],"tags":[],"class_list":["post-10012","post","type-post","status-publish","format-standard","has-post-thumbnail","hentry","category-6e"],"post_mailing_queue_ids":[],"_links":{"self":[{"href":"https:\/\/agora.xtec.cat\/esc-teresabergada\/wp-json\/wp\/v2\/posts\/10012","targetHints":{"allow":["GET"]}}],"collection":[{"href":"https:\/\/agora.xtec.cat\/esc-teresabergada\/wp-json\/wp\/v2\/posts"}],"about":[{"href":"https:\/\/agora.xtec.cat\/esc-teresabergada\/wp-json\/wp\/v2\/types\/post"}],"author":[{"embeddable":true,"href":"https:\/\/agora.xtec.cat\/esc-teresabergada\/wp-json\/wp\/v2\/users\/1"}],"replies":[{"embeddable":true,"href":"https:\/\/agora.xtec.cat\/esc-teresabergada\/wp-json\/wp\/v2\/comments?post=10012"}],"version-history":[{"count":1,"href":"https:\/\/agora.xtec.cat\/esc-teresabergada\/wp-json\/wp\/v2\/posts\/10012\/revisions"}],"predecessor-version":[{"id":10014,"href":"https:\/\/agora.xtec.cat\/esc-teresabergada\/wp-json\/wp\/v2\/posts\/10012\/revisions\/10014"}],"wp:featuredmedia":[{"embeddable":true,"href":"https:\/\/agora.xtec.cat\/esc-teresabergada\/wp-json\/wp\/v2\/media\/10013"}],"wp:attachment":[{"href":"https:\/\/agora.xtec.cat\/esc-teresabergada\/wp-json\/wp\/v2\/media?parent=10012"}],"wp:term":[{"taxonomy":"category","embeddable":true,"href":"https:\/\/agora.xtec.cat\/esc-teresabergada\/wp-json\/wp\/v2\/categories?post=10012"},{"taxonomy":"post_tag","embeddable":true,"href":"https:\/\/agora.xtec.cat\/esc-teresabergada\/wp-json\/wp\/v2\/tags?post=10012"}],"curies":[{"name":"wp","href":"https:\/\/api.w.org\/{rel}","templated":true}]}}