{"id":9126,"date":"2025-02-13T15:28:25","date_gmt":"2025-02-13T14:28:25","guid":{"rendered":"https:\/\/agora.xtec.cat\/esc-tarragona\/?p=9126"},"modified":"2025-02-13T15:28:25","modified_gmt":"2025-02-13T14:28:25","slug":"que-sona-per-megafonia-durant-la-setmana-de-la-mesura","status":"publish","type":"post","link":"https:\/\/agora.xtec.cat\/esc-tarragona\/general\/que-sona-per-megafonia-durant-la-setmana-de-la-mesura\/","title":{"rendered":"Qu\u00e8 sona per megafonia durant la setmana de la mesura?"},"content":{"rendered":"<p>Aquesta setmana iniciem la &#8220;Setmana Matem\u00e0tica de la Mesura&#8221;. Durant aquests dies podrem escoltar durant les entrades i sortides les &#8220;corrandes&#8221; de Beget. Les corrandes s\u00f3n can\u00e7ons populars curtes sovint improvisades i a vegades utilitzades com a can\u00e7ons de ball.<\/p>\n<p><a href=\"https:\/\/drive.google.com\/file\/d\/1q8st9CkuX9o8QLCLPU-aige1TLEZcdeq\/view?usp=sharing\" target=\"_blank\" rel=\"noopener\"><img loading=\"lazy\" decoding=\"async\" class=\"aligncenter  wp-image-9127\" src=\"https:\/\/agora.xtec.cat\/esc-tarragona\/wp-content\/uploads\/usu827\/2025\/02\/Megafonia-setmana-mesura-1-1-300x212.jpg\" alt=\"\" width=\"580\" height=\"410\" srcset=\"https:\/\/agora.xtec.cat\/esc-tarragona\/wp-content\/uploads\/usu827\/2025\/02\/Megafonia-setmana-mesura-1-1-300x212.jpg 300w, https:\/\/agora.xtec.cat\/esc-tarragona\/wp-content\/uploads\/usu827\/2025\/02\/Megafonia-setmana-mesura-1-1-1024x724.jpg 1024w, https:\/\/agora.xtec.cat\/esc-tarragona\/wp-content\/uploads\/usu827\/2025\/02\/Megafonia-setmana-mesura-1-1-768x543.jpg 768w, https:\/\/agora.xtec.cat\/esc-tarragona\/wp-content\/uploads\/usu827\/2025\/02\/Megafonia-setmana-mesura-1-1-1536x1086.jpg 1536w, https:\/\/agora.xtec.cat\/esc-tarragona\/wp-content\/uploads\/usu827\/2025\/02\/Megafonia-setmana-mesura-1-1.jpg 2000w\" sizes=\"auto, (max-width: 580px) 100vw, 580px\" \/><\/a><\/p>\n","protected":false},"excerpt":{"rendered":"<p>Aquesta setmana iniciem la &#8220;Setmana Matem\u00e0tica de la Mesura&#8221;. Durant aquests dies podrem escoltar durant les entrades i sortides les &#8220;corrandes&#8221; de Beget. Les corrandes s\u00f3n can\u00e7ons populars curtes sovint improvisades i a vegades utilitzades com a can\u00e7ons de ball.<br \/>\n<a href=\"https:\/\/drive.google.com\/file\/d\/1q8st9CkuX9o8QLCLPU-aige1TLEZcdeq\/view?usp=sharing\" target=\"_blank\" rel=\"noopener\"><\/a><\/p>\n","protected":false},"author":1,"featured_media":0,"comment_status":"closed","ping_status":"closed","sticky":false,"template":"","format":"standard","meta":{"_bbp_topic_count":0,"_bbp_reply_count":0,"_bbp_total_topic_count":0,"_bbp_total_reply_count":0,"_bbp_voice_count":0,"_bbp_anonymous_reply_count":0,"_bbp_topic_count_hidden":0,"_bbp_reply_count_hidden":0,"_bbp_forum_subforum_count":0,"footnotes":""},"categories":[1,4],"tags":[],"class_list":["post-9126","post","type-post","status-publish","format-standard","hentry","category-general","category-portada"],"post_mailing_queue_ids":[],"_links":{"self":[{"href":"https:\/\/agora.xtec.cat\/esc-tarragona\/wp-json\/wp\/v2\/posts\/9126","targetHints":{"allow":["GET"]}}],"collection":[{"href":"https:\/\/agora.xtec.cat\/esc-tarragona\/wp-json\/wp\/v2\/posts"}],"about":[{"href":"https:\/\/agora.xtec.cat\/esc-tarragona\/wp-json\/wp\/v2\/types\/post"}],"author":[{"embeddable":true,"href":"https:\/\/agora.xtec.cat\/esc-tarragona\/wp-json\/wp\/v2\/users\/1"}],"replies":[{"embeddable":true,"href":"https:\/\/agora.xtec.cat\/esc-tarragona\/wp-json\/wp\/v2\/comments?post=9126"}],"version-history":[{"count":2,"href":"https:\/\/agora.xtec.cat\/esc-tarragona\/wp-json\/wp\/v2\/posts\/9126\/revisions"}],"predecessor-version":[{"id":9129,"href":"https:\/\/agora.xtec.cat\/esc-tarragona\/wp-json\/wp\/v2\/posts\/9126\/revisions\/9129"}],"wp:attachment":[{"href":"https:\/\/agora.xtec.cat\/esc-tarragona\/wp-json\/wp\/v2\/media?parent=9126"}],"wp:term":[{"taxonomy":"category","embeddable":true,"href":"https:\/\/agora.xtec.cat\/esc-tarragona\/wp-json\/wp\/v2\/categories?post=9126"},{"taxonomy":"post_tag","embeddable":true,"href":"https:\/\/agora.xtec.cat\/esc-tarragona\/wp-json\/wp\/v2\/tags?post=9126"}],"curies":[{"name":"wp","href":"https:\/\/api.w.org\/{rel}","templated":true}]}}