{"id":9027,"date":"2025-01-31T11:47:03","date_gmt":"2025-01-31T10:47:03","guid":{"rendered":"https:\/\/agora.xtec.cat\/esc-tarragona\/?p=9027"},"modified":"2025-01-31T11:47:03","modified_gmt":"2025-01-31T10:47:03","slug":"dia-de-la-no-violencia-i-la-pau","status":"publish","type":"post","link":"https:\/\/agora.xtec.cat\/esc-tarragona\/general\/dia-de-la-no-violencia-i-la-pau\/","title":{"rendered":"Dia de la No Viol\u00e8ncia i la Pau"},"content":{"rendered":"<p>El 30 de gener hem celebrat El Dia de la Pau per recordar la import\u00e0ncia de la bona conviv\u00e8ncia i el respecte per tothom. Al gimn\u00e0s hem interpretat &#8220;garrotins&#8221; creats pels alumnes, hem fet percurssi\u00f3 corporal amb lletres que parlen d&#8217;amor, amistat, ajuda&#8230; i finalment hem cantat tots plegats la can\u00e7\u00f3 &#8220;Swing de la Pau&#8221;. La Pau es construeix en cada moment i a partir de cadasc\u00fa de nosaltres.<\/p>\n<p><iframe loading=\"lazy\" title=\"Presentaci\u00f3n V\u00eddeo Beige y Blanco Minimalista Ropa\" width=\"500\" height=\"281\" src=\"https:\/\/www.youtube.com\/embed\/wL_n7DcVc5Y?feature=oembed\" frameborder=\"0\" allow=\"accelerometer; autoplay; clipboard-write; encrypted-media; gyroscope; picture-in-picture; web-share\" referrerpolicy=\"strict-origin-when-cross-origin\" allowfullscreen><\/iframe><\/p>\n<p>&nbsp;<\/p>\n","protected":false},"excerpt":{"rendered":"<p>El 30 de gener hem celebrat El Dia de la Pau per recordar la import\u00e0ncia de la bona conviv\u00e8ncia i el respecte per tothom. Al gimn\u00e0s hem interpretat &#8220;garrotins&#8221; creats pels alumnes, hem fet percurssi\u00f3 corporal amb lletres que parlen d&#8217;amor, amistat, ajuda&#8230; i finalment&hellip;  <a href=\"https:\/\/agora.xtec.cat\/esc-tarragona\/general\/dia-de-la-no-violencia-i-la-pau\/\" title=\"Read Dia de la No Viol\u00e8ncia i la Pau\">Llegeix m\u00e9s\u00bb<\/a><\/p>\n","protected":false},"author":1,"featured_media":0,"comment_status":"closed","ping_status":"closed","sticky":false,"template":"","format":"standard","meta":{"_bbp_topic_count":0,"_bbp_reply_count":0,"_bbp_total_topic_count":0,"_bbp_total_reply_count":0,"_bbp_voice_count":0,"_bbp_anonymous_reply_count":0,"_bbp_topic_count_hidden":0,"_bbp_reply_count_hidden":0,"_bbp_forum_subforum_count":0,"footnotes":""},"categories":[1,4],"tags":[],"class_list":["post-9027","post","type-post","status-publish","format-standard","hentry","category-general","category-portada"],"post_mailing_queue_ids":[],"_links":{"self":[{"href":"https:\/\/agora.xtec.cat\/esc-tarragona\/wp-json\/wp\/v2\/posts\/9027","targetHints":{"allow":["GET"]}}],"collection":[{"href":"https:\/\/agora.xtec.cat\/esc-tarragona\/wp-json\/wp\/v2\/posts"}],"about":[{"href":"https:\/\/agora.xtec.cat\/esc-tarragona\/wp-json\/wp\/v2\/types\/post"}],"author":[{"embeddable":true,"href":"https:\/\/agora.xtec.cat\/esc-tarragona\/wp-json\/wp\/v2\/users\/1"}],"replies":[{"embeddable":true,"href":"https:\/\/agora.xtec.cat\/esc-tarragona\/wp-json\/wp\/v2\/comments?post=9027"}],"version-history":[{"count":1,"href":"https:\/\/agora.xtec.cat\/esc-tarragona\/wp-json\/wp\/v2\/posts\/9027\/revisions"}],"predecessor-version":[{"id":9028,"href":"https:\/\/agora.xtec.cat\/esc-tarragona\/wp-json\/wp\/v2\/posts\/9027\/revisions\/9028"}],"wp:attachment":[{"href":"https:\/\/agora.xtec.cat\/esc-tarragona\/wp-json\/wp\/v2\/media?parent=9027"}],"wp:term":[{"taxonomy":"category","embeddable":true,"href":"https:\/\/agora.xtec.cat\/esc-tarragona\/wp-json\/wp\/v2\/categories?post=9027"},{"taxonomy":"post_tag","embeddable":true,"href":"https:\/\/agora.xtec.cat\/esc-tarragona\/wp-json\/wp\/v2\/tags?post=9027"}],"curies":[{"name":"wp","href":"https:\/\/api.w.org\/{rel}","templated":true}]}}