{"id":8742,"date":"2024-11-05T16:05:30","date_gmt":"2024-11-05T15:05:30","guid":{"rendered":"https:\/\/agora.xtec.cat\/esc-tarragona\/?p=8742"},"modified":"2024-11-05T16:09:02","modified_gmt":"2024-11-05T15:09:02","slug":"les-danses-de-la-castanyada-a-e-infantil","status":"publish","type":"post","link":"https:\/\/agora.xtec.cat\/esc-tarragona\/general\/les-danses-de-la-castanyada-a-e-infantil\/","title":{"rendered":"Les danses de la Castanyada a E. Infantil"},"content":{"rendered":"<p>Els nens i les nenes d&#8217;Eduaci\u00f3 Infantil han apr\u00e8s moltes danses t\u00edpiques de la Festa de la Castanyada: La Castanyera, Un bolet petit\u00f3, M&#8217;agrada la tardor&#8230; i moltes m\u00e9s! Els encanta la m\u00fasica i moure el cos! Et trobarem a faltar Castanyera!<\/p>\n<p><iframe loading=\"lazy\" src=\"\/\/www.youtube.com\/embed\/PyXiSsh_-fA\" width=\"560\" height=\"314\" allowfullscreen=\"allowfullscreen\"><\/iframe><\/p>\n","protected":false},"excerpt":{"rendered":"<p>Els nens i les nenes d&#8217;Eduaci\u00f3 Infantil han apr\u00e8s moltes danses t\u00edpiques de la Festa de la Castanyada: La Castanyera, Un bolet petit\u00f3, M&#8217;agrada la tardor&#8230; i moltes m\u00e9s! Els encanta la m\u00fasica i moure el cos! Et trobarem a faltar Castanyera!<\/p>\n","protected":false},"author":1,"featured_media":0,"comment_status":"closed","ping_status":"closed","sticky":false,"template":"","format":"standard","meta":{"_bbp_topic_count":0,"_bbp_reply_count":0,"_bbp_total_topic_count":0,"_bbp_total_reply_count":0,"_bbp_voice_count":0,"_bbp_anonymous_reply_count":0,"_bbp_topic_count_hidden":0,"_bbp_reply_count_hidden":0,"_bbp_forum_subforum_count":0,"footnotes":""},"categories":[1,3,4],"tags":[],"class_list":["post-8742","post","type-post","status-publish","format-standard","hentry","category-general","category-i3","category-portada"],"post_mailing_queue_ids":[],"_links":{"self":[{"href":"https:\/\/agora.xtec.cat\/esc-tarragona\/wp-json\/wp\/v2\/posts\/8742","targetHints":{"allow":["GET"]}}],"collection":[{"href":"https:\/\/agora.xtec.cat\/esc-tarragona\/wp-json\/wp\/v2\/posts"}],"about":[{"href":"https:\/\/agora.xtec.cat\/esc-tarragona\/wp-json\/wp\/v2\/types\/post"}],"author":[{"embeddable":true,"href":"https:\/\/agora.xtec.cat\/esc-tarragona\/wp-json\/wp\/v2\/users\/1"}],"replies":[{"embeddable":true,"href":"https:\/\/agora.xtec.cat\/esc-tarragona\/wp-json\/wp\/v2\/comments?post=8742"}],"version-history":[{"count":4,"href":"https:\/\/agora.xtec.cat\/esc-tarragona\/wp-json\/wp\/v2\/posts\/8742\/revisions"}],"predecessor-version":[{"id":8748,"href":"https:\/\/agora.xtec.cat\/esc-tarragona\/wp-json\/wp\/v2\/posts\/8742\/revisions\/8748"}],"wp:attachment":[{"href":"https:\/\/agora.xtec.cat\/esc-tarragona\/wp-json\/wp\/v2\/media?parent=8742"}],"wp:term":[{"taxonomy":"category","embeddable":true,"href":"https:\/\/agora.xtec.cat\/esc-tarragona\/wp-json\/wp\/v2\/categories?post=8742"},{"taxonomy":"post_tag","embeddable":true,"href":"https:\/\/agora.xtec.cat\/esc-tarragona\/wp-json\/wp\/v2\/tags?post=8742"}],"curies":[{"name":"wp","href":"https:\/\/api.w.org\/{rel}","templated":true}]}}