{"id":8424,"date":"2024-06-07T14:24:30","date_gmt":"2024-06-07T12:24:30","guid":{"rendered":"https:\/\/agora.xtec.cat\/esc-tarragona\/?p=8424"},"modified":"2024-06-07T14:24:30","modified_gmt":"2024-06-07T12:24:30","slug":"doblatge-amb-lalumnat-de-laula-dacollida","status":"publish","type":"post","link":"https:\/\/agora.xtec.cat\/esc-tarragona\/general\/doblatge-amb-lalumnat-de-laula-dacollida\/","title":{"rendered":"Doblatge amb l&#8217;alumnat de l&#8217;Aula d&#8217;Acollida"},"content":{"rendered":"<p>L&#8217;alumnat m\u00e9s grans de l&#8217;aula d&#8217;acollida han fet un petit contacte amb el m\u00f3n del doblatge adaptant al catal\u00e0 el trailer de la pel.l\u00edcula &#8220;Harry Potter i la Pedra Filosofal&#8221;, una manera de submergir-se en el m\u00f3n del cinema i la llengua catalana.<\/p>\n<p><iframe loading=\"lazy\" title=\"VIDEO 2024 06 07 11 47 46\" width=\"500\" height=\"281\" src=\"https:\/\/www.youtube.com\/embed\/1ILqn_BeEt0?feature=oembed\" frameborder=\"0\" allow=\"accelerometer; autoplay; clipboard-write; encrypted-media; gyroscope; picture-in-picture; web-share\" referrerpolicy=\"strict-origin-when-cross-origin\" allowfullscreen><\/iframe><\/p>\n","protected":false},"excerpt":{"rendered":"<p>L&#8217;alumnat m\u00e9s grans de l&#8217;aula d&#8217;acollida han fet un petit contacte amb el m\u00f3n del doblatge adaptant al catal\u00e0 el trailer de la pel.l\u00edcula &#8220;Harry Potter i la Pedra Filosofal&#8221;, una manera de submergir-se en el m\u00f3n del cinema i la llengua catalana.<\/p>\n","protected":false},"author":1,"featured_media":0,"comment_status":"closed","ping_status":"closed","sticky":false,"template":"","format":"standard","meta":{"_bbp_topic_count":0,"_bbp_reply_count":0,"_bbp_total_topic_count":0,"_bbp_total_reply_count":0,"_bbp_voice_count":0,"_bbp_anonymous_reply_count":0,"_bbp_topic_count_hidden":0,"_bbp_reply_count_hidden":0,"_bbp_forum_subforum_count":0,"footnotes":""},"categories":[64,1,4],"tags":[],"class_list":["post-8424","post","type-post","status-publish","format-standard","hentry","category-aula-dacollida","category-general","category-portada"],"post_mailing_queue_ids":[],"_links":{"self":[{"href":"https:\/\/agora.xtec.cat\/esc-tarragona\/wp-json\/wp\/v2\/posts\/8424","targetHints":{"allow":["GET"]}}],"collection":[{"href":"https:\/\/agora.xtec.cat\/esc-tarragona\/wp-json\/wp\/v2\/posts"}],"about":[{"href":"https:\/\/agora.xtec.cat\/esc-tarragona\/wp-json\/wp\/v2\/types\/post"}],"author":[{"embeddable":true,"href":"https:\/\/agora.xtec.cat\/esc-tarragona\/wp-json\/wp\/v2\/users\/1"}],"replies":[{"embeddable":true,"href":"https:\/\/agora.xtec.cat\/esc-tarragona\/wp-json\/wp\/v2\/comments?post=8424"}],"version-history":[{"count":1,"href":"https:\/\/agora.xtec.cat\/esc-tarragona\/wp-json\/wp\/v2\/posts\/8424\/revisions"}],"predecessor-version":[{"id":8425,"href":"https:\/\/agora.xtec.cat\/esc-tarragona\/wp-json\/wp\/v2\/posts\/8424\/revisions\/8425"}],"wp:attachment":[{"href":"https:\/\/agora.xtec.cat\/esc-tarragona\/wp-json\/wp\/v2\/media?parent=8424"}],"wp:term":[{"taxonomy":"category","embeddable":true,"href":"https:\/\/agora.xtec.cat\/esc-tarragona\/wp-json\/wp\/v2\/categories?post=8424"},{"taxonomy":"post_tag","embeddable":true,"href":"https:\/\/agora.xtec.cat\/esc-tarragona\/wp-json\/wp\/v2\/tags?post=8424"}],"curies":[{"name":"wp","href":"https:\/\/api.w.org\/{rel}","templated":true}]}}