{"id":6064,"date":"2023-03-23T13:48:22","date_gmt":"2023-03-23T12:48:22","guid":{"rendered":"https:\/\/agora.xtec.cat\/esc-tarragona\/?p=6064"},"modified":"2023-03-23T13:48:22","modified_gmt":"2023-03-23T12:48:22","slug":"6e-participa-la-certamen-de-poesia-olga-xirinacs","status":"publish","type":"post","link":"https:\/\/agora.xtec.cat\/esc-tarragona\/general\/6e-participa-la-certamen-de-poesia-olga-xirinacs\/","title":{"rendered":"6\u00e8 participa la Certamen de Poesia Olga Xirinacs"},"content":{"rendered":"<p>Ahir dia 21 de mar\u00e7 l&#8217;alumnat de 6\u00e8 va participar\u00a0 al IV Certamen de Poesia Olga Xirinacs organitzat per l&#8217;IMET i que es va celebrar a la Rambla Nova. Va ser una trobada molt po\u00e8tica i enriquidora!<\/p>\n<p><a href=\"https:\/\/agora.xtec.cat\/esc-tarragona\/general\/6e-participa-la-certamen-de-poesia-olga-xirinacs\/attachment\/img_2419-1\/\" rel=\"attachment wp-att-6066\"><img loading=\"lazy\" decoding=\"async\" class=\"aligncenter size-medium wp-image-6066\" src=\"https:\/\/agora.xtec.cat\/esc-tarragona\/wp-content\/uploads\/usu827\/2023\/03\/IMG_2419-1-300x225.jpg\" alt=\"\" width=\"300\" height=\"225\" srcset=\"https:\/\/agora.xtec.cat\/esc-tarragona\/wp-content\/uploads\/usu827\/2023\/03\/IMG_2419-1-300x225.jpg 300w, https:\/\/agora.xtec.cat\/esc-tarragona\/wp-content\/uploads\/usu827\/2023\/03\/IMG_2419-1-200x150.jpg 200w, https:\/\/agora.xtec.cat\/esc-tarragona\/wp-content\/uploads\/usu827\/2023\/03\/IMG_2419-1.jpg 640w\" sizes=\"auto, (max-width: 300px) 100vw, 300px\" \/><\/a><\/p>\n<p>&nbsp;<\/p>\n","protected":false},"excerpt":{"rendered":"<p>Ahir dia 21 de mar\u00e7 l&#8217;alumnat de 6\u00e8 va participar\u00a0 al IV Certamen de Poesia Olga Xirinacs organitzat per l&#8217;IMET i que es va celebrar a la Rambla Nova. Va ser una trobada molt po\u00e8tica i enriquidora!<br \/>\n<a href=\"https:\/\/agora.xtec.cat\/esc-tarragona\/general\/6e-participa-la-certamen-de-poesia-olga-xirinacs\/attachment\/img_2419-1\/\" rel=\"attachment wp-att-6066\"><\/a><br \/>\n&nbsp;<\/p>\n","protected":false},"author":1,"featured_media":0,"comment_status":"closed","ping_status":"closed","sticky":false,"template":"","format":"standard","meta":{"_bbp_topic_count":0,"_bbp_reply_count":0,"_bbp_total_topic_count":0,"_bbp_total_reply_count":0,"_bbp_voice_count":0,"_bbp_anonymous_reply_count":0,"_bbp_topic_count_hidden":0,"_bbp_reply_count_hidden":0,"_bbp_forum_subforum_count":0,"footnotes":""},"categories":[15,5,1,4],"tags":[],"class_list":["post-6064","post","type-post","status-publish","format-standard","hentry","category-6e","category-primaria","category-general","category-portada"],"post_mailing_queue_ids":[],"_links":{"self":[{"href":"https:\/\/agora.xtec.cat\/esc-tarragona\/wp-json\/wp\/v2\/posts\/6064","targetHints":{"allow":["GET"]}}],"collection":[{"href":"https:\/\/agora.xtec.cat\/esc-tarragona\/wp-json\/wp\/v2\/posts"}],"about":[{"href":"https:\/\/agora.xtec.cat\/esc-tarragona\/wp-json\/wp\/v2\/types\/post"}],"author":[{"embeddable":true,"href":"https:\/\/agora.xtec.cat\/esc-tarragona\/wp-json\/wp\/v2\/users\/1"}],"replies":[{"embeddable":true,"href":"https:\/\/agora.xtec.cat\/esc-tarragona\/wp-json\/wp\/v2\/comments?post=6064"}],"version-history":[{"count":3,"href":"https:\/\/agora.xtec.cat\/esc-tarragona\/wp-json\/wp\/v2\/posts\/6064\/revisions"}],"predecessor-version":[{"id":6093,"href":"https:\/\/agora.xtec.cat\/esc-tarragona\/wp-json\/wp\/v2\/posts\/6064\/revisions\/6093"}],"wp:attachment":[{"href":"https:\/\/agora.xtec.cat\/esc-tarragona\/wp-json\/wp\/v2\/media?parent=6064"}],"wp:term":[{"taxonomy":"category","embeddable":true,"href":"https:\/\/agora.xtec.cat\/esc-tarragona\/wp-json\/wp\/v2\/categories?post=6064"},{"taxonomy":"post_tag","embeddable":true,"href":"https:\/\/agora.xtec.cat\/esc-tarragona\/wp-json\/wp\/v2\/tags?post=6064"}],"curies":[{"name":"wp","href":"https:\/\/api.w.org\/{rel}","templated":true}]}}