{"id":5553,"date":"2023-01-24T09:42:09","date_gmt":"2023-01-24T08:42:09","guid":{"rendered":"https:\/\/agora.xtec.cat\/esc-tarragona\/?p=5553"},"modified":"2023-02-07T22:41:55","modified_gmt":"2023-02-07T21:41:55","slug":"a-3r-coneixem-el-proces-delaboracio-del-vi","status":"publish","type":"post","link":"https:\/\/agora.xtec.cat\/esc-tarragona\/general\/a-3r-coneixem-el-proces-delaboracio-del-vi\/","title":{"rendered":"A 3r i a 5\u00e8 coneixem com s&#8217;elabora el vi!"},"content":{"rendered":"<p>El pare de la Cl\u00e0udia i de la Mar de 3r A i 5\u00e8 respectivament ens ha fet uesa xerraesa molt interessants. El Carlos \u00e9s en\u00f2leg i treballa a la finca Viladellops. Ens ha explicat quins s\u00f3n els passos per a l\u2019elaboraci\u00f3 del vi. \u00c9s m\u00e9s complex del que pot semblar! Cada part del proc\u00e9s \u00e9s important i s\u2019ha de fer amb cura. Hem vist el proc\u00e9s des que es cull el fruit fins que arriba a les botigues dins les ampolles!<\/p>\n<p><img loading=\"lazy\" decoding=\"async\" class=\"size-medium wp-image-5690 aligncenter\" src=\"https:\/\/agora.xtec.cat\/esc-tarragona\/wp-content\/uploads\/usu827\/2023\/01\/vi-6-300x135.jpg\" alt=\"\" width=\"300\" height=\"135\" srcset=\"https:\/\/agora.xtec.cat\/esc-tarragona\/wp-content\/uploads\/usu827\/2023\/01\/vi-6-300x135.jpg 300w, https:\/\/agora.xtec.cat\/esc-tarragona\/wp-content\/uploads\/usu827\/2023\/01\/vi-6-1024x461.jpg 1024w, https:\/\/agora.xtec.cat\/esc-tarragona\/wp-content\/uploads\/usu827\/2023\/01\/vi-6-768x346.jpg 768w, https:\/\/agora.xtec.cat\/esc-tarragona\/wp-content\/uploads\/usu827\/2023\/01\/vi-6-1536x691.jpg 1536w, https:\/\/agora.xtec.cat\/esc-tarragona\/wp-content\/uploads\/usu827\/2023\/01\/vi-6-2048x922.jpg 2048w\" sizes=\"auto, (max-width: 300px) 100vw, 300px\" \/><\/p>\n","protected":false},"excerpt":{"rendered":"<p>El pare de la Cl\u00e0udia i de la Mar de 3r A i 5\u00e8 respectivament ens ha fet uesa xerraesa molt interessants. El Carlos \u00e9s en\u00f2leg i treballa a la finca Viladellops. Ens ha explicat quins s\u00f3n els passos per a l\u2019elaboraci\u00f3 del vi. \u00c9s&hellip;  <a href=\"https:\/\/agora.xtec.cat\/esc-tarragona\/general\/a-3r-coneixem-el-proces-delaboracio-del-vi\/\" title=\"Read A 3r i a 5\u00e8 coneixem com s&#8217;elabora el vi!\">Llegeix m\u00e9s\u00bb<\/a><\/p>\n","protected":false},"author":1,"featured_media":0,"comment_status":"closed","ping_status":"closed","sticky":false,"template":"","format":"standard","meta":{"_bbp_topic_count":0,"_bbp_reply_count":0,"_bbp_total_topic_count":0,"_bbp_total_reply_count":0,"_bbp_voice_count":0,"_bbp_anonymous_reply_count":0,"_bbp_topic_count_hidden":0,"_bbp_reply_count_hidden":0,"_bbp_forum_subforum_count":0,"footnotes":""},"categories":[12,14,5,1,4],"tags":[],"class_list":["post-5553","post","type-post","status-publish","format-standard","hentry","category-3r","category-5e","category-primaria","category-general","category-portada"],"post_mailing_queue_ids":[],"_links":{"self":[{"href":"https:\/\/agora.xtec.cat\/esc-tarragona\/wp-json\/wp\/v2\/posts\/5553","targetHints":{"allow":["GET"]}}],"collection":[{"href":"https:\/\/agora.xtec.cat\/esc-tarragona\/wp-json\/wp\/v2\/posts"}],"about":[{"href":"https:\/\/agora.xtec.cat\/esc-tarragona\/wp-json\/wp\/v2\/types\/post"}],"author":[{"embeddable":true,"href":"https:\/\/agora.xtec.cat\/esc-tarragona\/wp-json\/wp\/v2\/users\/1"}],"replies":[{"embeddable":true,"href":"https:\/\/agora.xtec.cat\/esc-tarragona\/wp-json\/wp\/v2\/comments?post=5553"}],"version-history":[{"count":3,"href":"https:\/\/agora.xtec.cat\/esc-tarragona\/wp-json\/wp\/v2\/posts\/5553\/revisions"}],"predecessor-version":[{"id":5696,"href":"https:\/\/agora.xtec.cat\/esc-tarragona\/wp-json\/wp\/v2\/posts\/5553\/revisions\/5696"}],"wp:attachment":[{"href":"https:\/\/agora.xtec.cat\/esc-tarragona\/wp-json\/wp\/v2\/media?parent=5553"}],"wp:term":[{"taxonomy":"category","embeddable":true,"href":"https:\/\/agora.xtec.cat\/esc-tarragona\/wp-json\/wp\/v2\/categories?post=5553"},{"taxonomy":"post_tag","embeddable":true,"href":"https:\/\/agora.xtec.cat\/esc-tarragona\/wp-json\/wp\/v2\/tags?post=5553"}],"curies":[{"name":"wp","href":"https:\/\/api.w.org\/{rel}","templated":true}]}}