{"id":5380,"date":"2022-12-20T12:45:21","date_gmt":"2022-12-20T11:45:21","guid":{"rendered":"https:\/\/agora.xtec.cat\/esc-tarragona\/?p=5380"},"modified":"2022-12-20T12:45:21","modified_gmt":"2022-12-20T11:45:21","slug":"ja-ha-arribat-lauxiliar-de-conversa-a-la-nostra-escola","status":"publish","type":"post","link":"https:\/\/agora.xtec.cat\/esc-tarragona\/general\/ja-ha-arribat-lauxiliar-de-conversa-a-la-nostra-escola\/","title":{"rendered":"Ja ha arribat l&#8217;auxiliar de conversa a la nostra escola"},"content":{"rendered":"<p>Fa poquets dies va arribar l&#8217;auxiliar de conversa , la Patty, que ens acompanyar\u00e0 fins al mes de maig. La Patty \u00e9s de Calif\u00f2rnia i ajudar\u00e0 a l&#8217;alumnat de Cicle Superior a millorar la seva expressi\u00f3 oral a trav\u00e9s de diferents activitats.<\/p>\n<p><a href=\"https:\/\/agora.xtec.cat\/esc-tarragona\/general\/ja-ha-arribat-lauxiliar-de-conversa-a-la-nostra-escola\/attachment\/img_1847\/\" rel=\"attachment wp-att-5425\"><img loading=\"lazy\" decoding=\"async\" class=\"size-medium wp-image-5425 aligncenter\" src=\"https:\/\/agora.xtec.cat\/esc-tarragona\/wp-content\/uploads\/usu827\/2022\/12\/IMG_1847-300x225.jpg\" alt=\"\" width=\"300\" height=\"225\" srcset=\"https:\/\/agora.xtec.cat\/esc-tarragona\/wp-content\/uploads\/usu827\/2022\/12\/IMG_1847-300x225.jpg 300w, https:\/\/agora.xtec.cat\/esc-tarragona\/wp-content\/uploads\/usu827\/2022\/12\/IMG_1847-200x150.jpg 200w, https:\/\/agora.xtec.cat\/esc-tarragona\/wp-content\/uploads\/usu827\/2022\/12\/IMG_1847.jpg 640w\" sizes=\"auto, (max-width: 300px) 100vw, 300px\" \/><\/a><\/p>\n<p style=\"text-align: center;\"><a href=\"https:\/\/agora.xtec.cat\/esc-tarragona\/general\/ja-ha-arribat-lauxiliar-de-conversa-a-la-nostra-escola\/attachment\/img_1848\/\" rel=\"attachment wp-att-5426\"><img loading=\"lazy\" decoding=\"async\" class=\"wp-image-5426 aligncenter\" src=\"https:\/\/agora.xtec.cat\/esc-tarragona\/wp-content\/uploads\/usu827\/2022\/12\/IMG_1848.jpg\" alt=\"\" width=\"302\" height=\"227\" srcset=\"https:\/\/agora.xtec.cat\/esc-tarragona\/wp-content\/uploads\/usu827\/2022\/12\/IMG_1848.jpg 640w, https:\/\/agora.xtec.cat\/esc-tarragona\/wp-content\/uploads\/usu827\/2022\/12\/IMG_1848-300x225.jpg 300w, https:\/\/agora.xtec.cat\/esc-tarragona\/wp-content\/uploads\/usu827\/2022\/12\/IMG_1848-200x150.jpg 200w\" sizes=\"auto, (max-width: 302px) 100vw, 302px\" \/><\/a><\/p>\n","protected":false},"excerpt":{"rendered":"<p>Fa poquets dies va arribar l&#8217;auxiliar de conversa , la Patty, que ens acompanyar\u00e0 fins al mes de maig. La Patty \u00e9s de Calif\u00f2rnia i ajudar\u00e0 a l&#8217;alumnat de Cicle Superior a millorar la seva expressi\u00f3 oral a trav\u00e9s de diferents activitats.<br \/>\n<a href=\"https:\/\/agora.xtec.cat\/esc-tarragona\/general\/ja-ha-arribat-lauxiliar-de-conversa-a-la-nostra-escola\/attachment\/img_1847\/\" rel=\"attachment wp-att-5425\"><\/a><br \/>\n<a&hellip;  <a href=\"https:\/\/agora.xtec.cat\/esc-tarragona\/general\/ja-ha-arribat-lauxiliar-de-conversa-a-la-nostra-escola\/\" title=\"Read Ja ha arribat l&#8217;auxiliar de conversa a la nostra escola\">Llegeix m\u00e9s\u00bb<\/a><\/p>\n","protected":false},"author":1,"featured_media":0,"comment_status":"closed","ping_status":"closed","sticky":false,"template":"","format":"standard","meta":{"_bbp_topic_count":0,"_bbp_reply_count":0,"_bbp_total_topic_count":0,"_bbp_total_reply_count":0,"_bbp_voice_count":0,"_bbp_anonymous_reply_count":0,"_bbp_topic_count_hidden":0,"_bbp_reply_count_hidden":0,"_bbp_forum_subforum_count":0,"footnotes":""},"categories":[14,15,63,5,1,4],"tags":[],"class_list":["post-5380","post","type-post","status-publish","format-standard","hentry","category-5e","category-6e","category-angles","category-primaria","category-general","category-portada"],"post_mailing_queue_ids":[],"_links":{"self":[{"href":"https:\/\/agora.xtec.cat\/esc-tarragona\/wp-json\/wp\/v2\/posts\/5380","targetHints":{"allow":["GET"]}}],"collection":[{"href":"https:\/\/agora.xtec.cat\/esc-tarragona\/wp-json\/wp\/v2\/posts"}],"about":[{"href":"https:\/\/agora.xtec.cat\/esc-tarragona\/wp-json\/wp\/v2\/types\/post"}],"author":[{"embeddable":true,"href":"https:\/\/agora.xtec.cat\/esc-tarragona\/wp-json\/wp\/v2\/users\/1"}],"replies":[{"embeddable":true,"href":"https:\/\/agora.xtec.cat\/esc-tarragona\/wp-json\/wp\/v2\/comments?post=5380"}],"version-history":[{"count":3,"href":"https:\/\/agora.xtec.cat\/esc-tarragona\/wp-json\/wp\/v2\/posts\/5380\/revisions"}],"predecessor-version":[{"id":5429,"href":"https:\/\/agora.xtec.cat\/esc-tarragona\/wp-json\/wp\/v2\/posts\/5380\/revisions\/5429"}],"wp:attachment":[{"href":"https:\/\/agora.xtec.cat\/esc-tarragona\/wp-json\/wp\/v2\/media?parent=5380"}],"wp:term":[{"taxonomy":"category","embeddable":true,"href":"https:\/\/agora.xtec.cat\/esc-tarragona\/wp-json\/wp\/v2\/categories?post=5380"},{"taxonomy":"post_tag","embeddable":true,"href":"https:\/\/agora.xtec.cat\/esc-tarragona\/wp-json\/wp\/v2\/tags?post=5380"}],"curies":[{"name":"wp","href":"https:\/\/api.w.org\/{rel}","templated":true}]}}