{"id":5096,"date":"2022-11-28T13:25:12","date_gmt":"2022-11-28T12:25:12","guid":{"rendered":"https:\/\/agora.xtec.cat\/esc-tarragona\/?p=5096"},"modified":"2022-11-28T13:25:41","modified_gmt":"2022-11-28T12:25:41","slug":"treballem-els-podcasts-a-5e","status":"publish","type":"post","link":"https:\/\/agora.xtec.cat\/esc-tarragona\/general\/treballem-els-podcasts-a-5e\/","title":{"rendered":"Treballem els podcasts a 5\u00e8"},"content":{"rendered":"<p>A la classe de\u00a0 5\u00e8, dins l&#8217;\u00e0rea de llengua castellana, hem treballat els podcasts. Hem apr\u00e8s que s\u00f3n\u00a0 arxius d&#8217;\u00e0udio que podem descarregar\u00a0 de les xarxes , escoltar-los en l\u00ednia o quan nosaltres vulguem i que la conversa gira al voltant d&#8217;un tema concret. Nosaltres hem gravat, per grups, un podcast del tema que ha escollit cada grup. Primer hem pensat\u00a0 de qu\u00e8 vol\u00edem parlar,\u00a0 \u00a0hem buscat\u00a0 uns fets concrets sobre aquell tema i a partir d&#8217;aqu\u00ed hem preparat el nostre podcast. Esperem que us agradin!<\/p>\n<table style=\"border-collapse: collapse; width: 100%;\">\n<tbody>\n<tr>\n<td style=\"width: 33.3333%; background-color: #eff285; text-align: center;\" colspan=\"3\"><strong>PODCASTS DELS ALUMNES DE 5\u00e8<\/strong><\/td>\n<\/tr>\n<tr>\n<td style=\"width: 33.3333%; background-color: #c0e0ed; text-align: center;\"><a href=\"https:\/\/drive.google.com\/file\/d\/1JGH6v-AW9XXpY75a4dPbtqJz2pIZpM7A\/view?usp=share_link\" target=\"_blank\" rel=\"noopener\">GRUP 1<\/a><\/td>\n<td style=\"width: 33.3333%; background-color: #fad2d2; text-align: center;\"><a href=\"https:\/\/drive.google.com\/file\/d\/1CPQzw1sW6WNBroOF4ylUveL4hOkQCUrl\/view?usp=share_link\" target=\"_blank\" rel=\"noopener\">GRUP 2<\/a><\/td>\n<td style=\"width: 33.3333%; background-color: #cef0c2; text-align: center;\"><a href=\"https:\/\/drive.google.com\/file\/d\/14ATealqXRavUi2ymDZRjc8tv0TkKCJ_D\/view?usp=share_link\" target=\"_blank\" rel=\"noopener\">GRUP 3<\/a><\/td>\n<\/tr>\n<tr>\n<td style=\"width: 33.3333%; background-color: #f2c5b8; text-align: center;\"><a href=\"https:\/\/drive.google.com\/file\/d\/1yRbZfQ1KVA5-k7cGGLF9DGz2gSThDmLe\/view?usp=share_link\" target=\"_blank\" rel=\"noopener\">GRUP 4<\/a><\/td>\n<td style=\"width: 33.3333%; background-color: #dbc9f2; text-align: center;\"><a href=\"https:\/\/drive.google.com\/file\/d\/1QHdn8OgjETepK4Wlg6CfzAJbiKvqINuy\/view?usp=share_link\" target=\"_blank\" rel=\"noopener\">GRUP 5<\/a><\/td>\n<td style=\"width: 33.3333%; background-color: #f2bf77; text-align: center;\"><a href=\"https:\/\/drive.google.com\/file\/d\/10-KkM0wPxJ3l7anX4o5cXN1BHg950_Bo\/view?usp=share_link\" target=\"_blank\" rel=\"noopener\">GRUP 6<\/a><\/td>\n<\/tr>\n<tr>\n<td style=\"width: 33.3333%; background-color: #b5d973; text-align: center;\" colspan=\"3\"><a href=\"https:\/\/drive.google.com\/file\/d\/1B90TExKVOXef9gE_hZIj_GfOPsvZ_v6N\/view?usp=share_link\" target=\"_blank\" rel=\"noopener\">GRUP 7<\/a><\/td>\n<\/tr>\n<\/tbody>\n<\/table>\n","protected":false},"excerpt":{"rendered":"<p>A la classe de\u00a0 5\u00e8, dins l&#8217;\u00e0rea de llengua castellana, hem treballat els podcasts. Hem apr\u00e8s que s\u00f3n\u00a0 arxius d&#8217;\u00e0udio que podem descarregar\u00a0 de les xarxes , escoltar-los en l\u00ednia o quan nosaltres vulguem i que la conversa gira al voltant d&#8217;un tema concret. Nosaltres&hellip;  <a href=\"https:\/\/agora.xtec.cat\/esc-tarragona\/general\/treballem-els-podcasts-a-5e\/\" title=\"Read Treballem els podcasts a 5\u00e8\">Llegeix m\u00e9s\u00bb<\/a><\/p>\n","protected":false},"author":1,"featured_media":0,"comment_status":"closed","ping_status":"closed","sticky":false,"template":"","format":"standard","meta":{"_bbp_topic_count":0,"_bbp_reply_count":0,"_bbp_total_topic_count":0,"_bbp_total_reply_count":0,"_bbp_voice_count":0,"_bbp_anonymous_reply_count":0,"_bbp_topic_count_hidden":0,"_bbp_reply_count_hidden":0,"_bbp_forum_subforum_count":0,"footnotes":""},"categories":[14,1,4],"tags":[],"class_list":["post-5096","post","type-post","status-publish","format-standard","hentry","category-5e","category-general","category-portada"],"post_mailing_queue_ids":[],"_links":{"self":[{"href":"https:\/\/agora.xtec.cat\/esc-tarragona\/wp-json\/wp\/v2\/posts\/5096","targetHints":{"allow":["GET"]}}],"collection":[{"href":"https:\/\/agora.xtec.cat\/esc-tarragona\/wp-json\/wp\/v2\/posts"}],"about":[{"href":"https:\/\/agora.xtec.cat\/esc-tarragona\/wp-json\/wp\/v2\/types\/post"}],"author":[{"embeddable":true,"href":"https:\/\/agora.xtec.cat\/esc-tarragona\/wp-json\/wp\/v2\/users\/1"}],"replies":[{"embeddable":true,"href":"https:\/\/agora.xtec.cat\/esc-tarragona\/wp-json\/wp\/v2\/comments?post=5096"}],"version-history":[{"count":3,"href":"https:\/\/agora.xtec.cat\/esc-tarragona\/wp-json\/wp\/v2\/posts\/5096\/revisions"}],"predecessor-version":[{"id":5100,"href":"https:\/\/agora.xtec.cat\/esc-tarragona\/wp-json\/wp\/v2\/posts\/5096\/revisions\/5100"}],"wp:attachment":[{"href":"https:\/\/agora.xtec.cat\/esc-tarragona\/wp-json\/wp\/v2\/media?parent=5096"}],"wp:term":[{"taxonomy":"category","embeddable":true,"href":"https:\/\/agora.xtec.cat\/esc-tarragona\/wp-json\/wp\/v2\/categories?post=5096"},{"taxonomy":"post_tag","embeddable":true,"href":"https:\/\/agora.xtec.cat\/esc-tarragona\/wp-json\/wp\/v2\/tags?post=5096"}],"curies":[{"name":"wp","href":"https:\/\/api.w.org\/{rel}","templated":true}]}}