{"id":5056,"date":"2022-11-27T19:19:54","date_gmt":"2022-11-27T18:19:54","guid":{"rendered":"https:\/\/agora.xtec.cat\/esc-tarragona\/?p=5056"},"modified":"2022-11-27T20:30:02","modified_gmt":"2022-11-27T19:30:02","slug":"celebrem-santa-cecilia-la-patrona-de-la-musica","status":"publish","type":"post","link":"https:\/\/agora.xtec.cat\/esc-tarragona\/general\/celebrem-santa-cecilia-la-patrona-de-la-musica\/","title":{"rendered":"Celebrem Santa Cec\u00edlia, la Patrona de la M\u00fasica"},"content":{"rendered":"<p>Novament tot l&#8217;alumnat de l&#8217;Escola ha gaudit de la celebraci\u00f3 de la Patrona de la M\u00fasica, Santa Ceci\u00edla.<\/p>\n<p>Ha estat un dia ple d&#8217;emocions i sorpreses musicals!<\/p>\n<div style=\"width: 100%;\">\n<div style=\"position: relative; padding-bottom: 37.01527614571093%; padding-top: 0; height: 0;\"><iframe loading=\"lazy\" style=\"position: absolute; top: 0; left: 0; width: 100%; height: 100%;\" title=\"SANTA CEC\u00cdLIA\" src=\"https:\/\/view.genial.ly\/637935b38460fb0017c460c4\" width=\"851px\" height=\"315px\" frameborder=\"0\" scrolling=\"yes\" allowfullscreen=\"allowfullscreen\" data-mce-fragment=\"1\"><\/iframe><\/div>\n<\/div>\n<p>&nbsp;<\/p>\n","protected":false},"excerpt":{"rendered":"<p>Novament tot l&#8217;alumnat de l&#8217;Escola ha gaudit de la celebraci\u00f3 de la Patrona de la M\u00fasica, Santa Ceci\u00edla.<br \/>\nHa estat un dia ple d&#8217;emocions i sorpreses musicals!<\/p>\n<p>&nbsp;<\/p>\n","protected":false},"author":1,"featured_media":5059,"comment_status":"closed","ping_status":"closed","sticky":false,"template":"","format":"standard","meta":{"_bbp_topic_count":0,"_bbp_reply_count":0,"_bbp_total_topic_count":0,"_bbp_total_reply_count":0,"_bbp_voice_count":0,"_bbp_anonymous_reply_count":0,"_bbp_topic_count_hidden":0,"_bbp_reply_count_hidden":0,"_bbp_forum_subforum_count":0,"footnotes":""},"categories":[10,11,12,13,14,15,2,5,1,3,8,9,59,4],"tags":[],"class_list":["post-5056","post","type-post","status-publish","format-standard","has-post-thumbnail","hentry","category-1r","category-2n","category-3r","category-4t","category-5e","category-6e","category-infantil","category-primaria","category-general","category-i3","category-i4","category-i5","category-musica","category-portada"],"post_mailing_queue_ids":[],"_links":{"self":[{"href":"https:\/\/agora.xtec.cat\/esc-tarragona\/wp-json\/wp\/v2\/posts\/5056","targetHints":{"allow":["GET"]}}],"collection":[{"href":"https:\/\/agora.xtec.cat\/esc-tarragona\/wp-json\/wp\/v2\/posts"}],"about":[{"href":"https:\/\/agora.xtec.cat\/esc-tarragona\/wp-json\/wp\/v2\/types\/post"}],"author":[{"embeddable":true,"href":"https:\/\/agora.xtec.cat\/esc-tarragona\/wp-json\/wp\/v2\/users\/1"}],"replies":[{"embeddable":true,"href":"https:\/\/agora.xtec.cat\/esc-tarragona\/wp-json\/wp\/v2\/comments?post=5056"}],"version-history":[{"count":3,"href":"https:\/\/agora.xtec.cat\/esc-tarragona\/wp-json\/wp\/v2\/posts\/5056\/revisions"}],"predecessor-version":[{"id":5080,"href":"https:\/\/agora.xtec.cat\/esc-tarragona\/wp-json\/wp\/v2\/posts\/5056\/revisions\/5080"}],"wp:featuredmedia":[{"embeddable":true,"href":"https:\/\/agora.xtec.cat\/esc-tarragona\/wp-json\/wp\/v2\/media\/5059"}],"wp:attachment":[{"href":"https:\/\/agora.xtec.cat\/esc-tarragona\/wp-json\/wp\/v2\/media?parent=5056"}],"wp:term":[{"taxonomy":"category","embeddable":true,"href":"https:\/\/agora.xtec.cat\/esc-tarragona\/wp-json\/wp\/v2\/categories?post=5056"},{"taxonomy":"post_tag","embeddable":true,"href":"https:\/\/agora.xtec.cat\/esc-tarragona\/wp-json\/wp\/v2\/tags?post=5056"}],"curies":[{"name":"wp","href":"https:\/\/api.w.org\/{rel}","templated":true}]}}