{"id":4968,"date":"2022-11-15T20:31:27","date_gmt":"2022-11-15T19:31:27","guid":{"rendered":"https:\/\/agora.xtec.cat\/esc-tarragona\/?p=4968"},"modified":"2022-11-15T20:31:27","modified_gmt":"2022-11-15T19:31:27","slug":"cancons-en-frances-a-la-classe-den-cornelius","status":"publish","type":"post","link":"https:\/\/agora.xtec.cat\/esc-tarragona\/general\/cancons-en-frances-a-la-classe-den-cornelius\/","title":{"rendered":"Can\u00e7ons en franc\u00e8s a la classe d&#8217;en Corn\u00e8lius!"},"content":{"rendered":"<p class=\"gmail_attr\">La mare de l&#8217;Adrian, de la classe d&#8217;I5 B, \u00e9s professora de franc\u00e8s en un institut i en la seva visita ens va ensenyar a trav\u00e9s dels contes i les can\u00e7ons munt de vocabulari en aquesta llengua! Vam poder veure que algunes paraules s&#8217;assemblen a les que fem servir en catal\u00e0! Tamb\u00e9 vam aprendre moltes coses sobre aquesta llengua!<\/p>\n<p class=\"gmail_attr\">Per acabar els pares de l&#8217;Adrian ens van convidar a berenar un t\u00edpic <span style=\"font-family: inherit; font-size: 1em;\">&#8220;cruas\u00e1n&#8221;\u00a0 franc\u00e8s, era bon\u00edssim!<\/span><\/p>\n<p><img loading=\"lazy\" decoding=\"async\" class=\"aligncenter  wp-image-4969\" src=\"https:\/\/agora.xtec.cat\/esc-tarragona\/wp-content\/uploads\/usu827\/2022\/11\/IMG-9661-1-150x150.jpg\" alt=\"\" width=\"220\" height=\"220\" \/><\/p>\n","protected":false},"excerpt":{"rendered":"<p>La mare de l&#8217;Adrian, de la classe d&#8217;I5 B, \u00e9s professora de franc\u00e8s en un institut i en la seva visita ens va ensenyar a trav\u00e9s dels contes i les can\u00e7ons munt de vocabulari en aquesta llengua! Vam poder veure que algunes paraules s&#8217;assemblen a&hellip;  <a href=\"https:\/\/agora.xtec.cat\/esc-tarragona\/general\/cancons-en-frances-a-la-classe-den-cornelius\/\" title=\"Read Can\u00e7ons en franc\u00e8s a la classe d&#8217;en Corn\u00e8lius!\">Llegeix m\u00e9s\u00bb<\/a><\/p>\n","protected":false},"author":1,"featured_media":4969,"comment_status":"closed","ping_status":"closed","sticky":false,"template":"","format":"standard","meta":{"_bbp_topic_count":0,"_bbp_reply_count":0,"_bbp_total_topic_count":0,"_bbp_total_reply_count":0,"_bbp_voice_count":0,"_bbp_anonymous_reply_count":0,"_bbp_topic_count_hidden":0,"_bbp_reply_count_hidden":0,"_bbp_forum_subforum_count":0,"footnotes":""},"categories":[2,1,9,4],"tags":[],"class_list":["post-4968","post","type-post","status-publish","format-standard","has-post-thumbnail","hentry","category-infantil","category-general","category-i5","category-portada"],"post_mailing_queue_ids":[],"_links":{"self":[{"href":"https:\/\/agora.xtec.cat\/esc-tarragona\/wp-json\/wp\/v2\/posts\/4968","targetHints":{"allow":["GET"]}}],"collection":[{"href":"https:\/\/agora.xtec.cat\/esc-tarragona\/wp-json\/wp\/v2\/posts"}],"about":[{"href":"https:\/\/agora.xtec.cat\/esc-tarragona\/wp-json\/wp\/v2\/types\/post"}],"author":[{"embeddable":true,"href":"https:\/\/agora.xtec.cat\/esc-tarragona\/wp-json\/wp\/v2\/users\/1"}],"replies":[{"embeddable":true,"href":"https:\/\/agora.xtec.cat\/esc-tarragona\/wp-json\/wp\/v2\/comments?post=4968"}],"version-history":[{"count":2,"href":"https:\/\/agora.xtec.cat\/esc-tarragona\/wp-json\/wp\/v2\/posts\/4968\/revisions"}],"predecessor-version":[{"id":4971,"href":"https:\/\/agora.xtec.cat\/esc-tarragona\/wp-json\/wp\/v2\/posts\/4968\/revisions\/4971"}],"wp:featuredmedia":[{"embeddable":true,"href":"https:\/\/agora.xtec.cat\/esc-tarragona\/wp-json\/wp\/v2\/media\/4969"}],"wp:attachment":[{"href":"https:\/\/agora.xtec.cat\/esc-tarragona\/wp-json\/wp\/v2\/media?parent=4968"}],"wp:term":[{"taxonomy":"category","embeddable":true,"href":"https:\/\/agora.xtec.cat\/esc-tarragona\/wp-json\/wp\/v2\/categories?post=4968"},{"taxonomy":"post_tag","embeddable":true,"href":"https:\/\/agora.xtec.cat\/esc-tarragona\/wp-json\/wp\/v2\/tags?post=4968"}],"curies":[{"name":"wp","href":"https:\/\/api.w.org\/{rel}","templated":true}]}}