{"id":4953,"date":"2022-11-12T18:16:43","date_gmt":"2022-11-12T17:16:43","guid":{"rendered":"https:\/\/agora.xtec.cat\/esc-tarragona\/?p=4953"},"modified":"2022-11-14T10:37:03","modified_gmt":"2022-11-14T09:37:03","slug":"formacio-del-claustre-tutoria-entre-iguals","status":"publish","type":"post","link":"https:\/\/agora.xtec.cat\/esc-tarragona\/general\/formacio-del-claustre-tutoria-entre-iguals\/","title":{"rendered":"Formaci\u00f3 del claustre: Tutoria entre iguals"},"content":{"rendered":"<p>Anem cap a la segona formaci\u00f3 del curs! Avui l&#8217;equip docent realitza la formaci\u00f3 del programa &#8220;Tutoria entre Iguals&#8221; per propiciar entre l&#8217;alumnat\u00a0 un bon clima de conviv\u00e8ncia i germanor.<\/p>\n<p><img loading=\"lazy\" decoding=\"async\" class=\"aligncenter wp-image-4954\" src=\"https:\/\/agora.xtec.cat\/esc-tarragona\/wp-content\/uploads\/usu827\/2022\/11\/IMG_20221110_183223-1-150x150.jpg\" alt=\"\" width=\"229\" height=\"229\" \/><\/p>\n","protected":false},"excerpt":{"rendered":"<p>Anem cap a la segona formaci\u00f3 del curs! Avui l&#8217;equip docent realitza la formaci\u00f3 del programa &#8220;Tutoria entre Iguals&#8221; per propiciar entre l&#8217;alumnat\u00a0 un bon clima de conviv\u00e8ncia i germanor.<\/p>\n","protected":false},"author":1,"featured_media":4954,"comment_status":"closed","ping_status":"closed","sticky":false,"template":"","format":"standard","meta":{"_bbp_topic_count":0,"_bbp_reply_count":0,"_bbp_total_topic_count":0,"_bbp_total_reply_count":0,"_bbp_voice_count":0,"_bbp_anonymous_reply_count":0,"_bbp_topic_count_hidden":0,"_bbp_reply_count_hidden":0,"_bbp_forum_subforum_count":0,"footnotes":""},"categories":[1,4],"tags":[],"class_list":["post-4953","post","type-post","status-publish","format-standard","has-post-thumbnail","hentry","category-general","category-portada"],"post_mailing_queue_ids":[],"_links":{"self":[{"href":"https:\/\/agora.xtec.cat\/esc-tarragona\/wp-json\/wp\/v2\/posts\/4953","targetHints":{"allow":["GET"]}}],"collection":[{"href":"https:\/\/agora.xtec.cat\/esc-tarragona\/wp-json\/wp\/v2\/posts"}],"about":[{"href":"https:\/\/agora.xtec.cat\/esc-tarragona\/wp-json\/wp\/v2\/types\/post"}],"author":[{"embeddable":true,"href":"https:\/\/agora.xtec.cat\/esc-tarragona\/wp-json\/wp\/v2\/users\/1"}],"replies":[{"embeddable":true,"href":"https:\/\/agora.xtec.cat\/esc-tarragona\/wp-json\/wp\/v2\/comments?post=4953"}],"version-history":[{"count":3,"href":"https:\/\/agora.xtec.cat\/esc-tarragona\/wp-json\/wp\/v2\/posts\/4953\/revisions"}],"predecessor-version":[{"id":4967,"href":"https:\/\/agora.xtec.cat\/esc-tarragona\/wp-json\/wp\/v2\/posts\/4953\/revisions\/4967"}],"wp:featuredmedia":[{"embeddable":true,"href":"https:\/\/agora.xtec.cat\/esc-tarragona\/wp-json\/wp\/v2\/media\/4954"}],"wp:attachment":[{"href":"https:\/\/agora.xtec.cat\/esc-tarragona\/wp-json\/wp\/v2\/media?parent=4953"}],"wp:term":[{"taxonomy":"category","embeddable":true,"href":"https:\/\/agora.xtec.cat\/esc-tarragona\/wp-json\/wp\/v2\/categories?post=4953"},{"taxonomy":"post_tag","embeddable":true,"href":"https:\/\/agora.xtec.cat\/esc-tarragona\/wp-json\/wp\/v2\/tags?post=4953"}],"curies":[{"name":"wp","href":"https:\/\/api.w.org\/{rel}","templated":true}]}}