{"id":4948,"date":"2022-11-10T11:16:37","date_gmt":"2022-11-10T10:16:37","guid":{"rendered":"https:\/\/agora.xtec.cat\/esc-tarragona\/?p=4948"},"modified":"2022-11-10T11:16:37","modified_gmt":"2022-11-10T10:16:37","slug":"interpretacio-musical-a-3r","status":"publish","type":"post","link":"https:\/\/agora.xtec.cat\/esc-tarragona\/general\/interpretacio-musical-a-3r\/","title":{"rendered":"Interpretaci\u00f3 musical a 3r!"},"content":{"rendered":"<p><span style=\"font-weight: 400;\">Amb els alumnes de 3r A i B hem practicat un tema musical asi\u00e0tic titulat \u201cHeio\u201d. Amb ell, s\u2019intenta desenvolupar el sentit r\u00edtmic i la veu a trav\u00e9s de l\u2019espai, tenint en compte una precisi\u00f3 r\u00edtmica i mel\u00f2dica. Aix\u00ed, continuem fent que la m\u00fasica sigui un moviment expressiu, d\u2019atenci\u00f3 i d\u2019aprenentatge molt complert.<\/span><\/p>\n<p><iframe loading=\"lazy\" title=\"3r A i B pr\u00e0ctica Heio Veu i ritmes\" width=\"500\" height=\"281\" src=\"https:\/\/www.youtube.com\/embed\/7AYMqPe47x0?feature=oembed\" frameborder=\"0\" allow=\"accelerometer; autoplay; clipboard-write; encrypted-media; gyroscope; picture-in-picture; web-share\" referrerpolicy=\"strict-origin-when-cross-origin\" allowfullscreen><\/iframe><\/p>\n","protected":false},"excerpt":{"rendered":"<p>Amb els alumnes de 3r A i B hem practicat un tema musical asi\u00e0tic titulat \u201cHeio\u201d. Amb ell, s\u2019intenta desenvolupar el sentit r\u00edtmic i la veu a trav\u00e9s de l\u2019espai, tenint en compte una precisi\u00f3 r\u00edtmica i mel\u00f2dica. Aix\u00ed, continuem fent que la m\u00fasica sigui&hellip;  <a href=\"https:\/\/agora.xtec.cat\/esc-tarragona\/general\/interpretacio-musical-a-3r\/\" title=\"Read Interpretaci\u00f3 musical a 3r!\">Llegeix m\u00e9s\u00bb<\/a><\/p>\n","protected":false},"author":11,"featured_media":4949,"comment_status":"closed","ping_status":"closed","sticky":false,"template":"","format":"standard","meta":{"_bbp_topic_count":0,"_bbp_reply_count":0,"_bbp_total_topic_count":0,"_bbp_total_reply_count":0,"_bbp_voice_count":0,"_bbp_anonymous_reply_count":0,"_bbp_topic_count_hidden":0,"_bbp_reply_count_hidden":0,"_bbp_forum_subforum_count":0,"footnotes":""},"categories":[12,5,1,59,4],"tags":[],"class_list":["post-4948","post","type-post","status-publish","format-standard","has-post-thumbnail","hentry","category-3r","category-primaria","category-general","category-musica","category-portada"],"post_mailing_queue_ids":[],"_links":{"self":[{"href":"https:\/\/agora.xtec.cat\/esc-tarragona\/wp-json\/wp\/v2\/posts\/4948","targetHints":{"allow":["GET"]}}],"collection":[{"href":"https:\/\/agora.xtec.cat\/esc-tarragona\/wp-json\/wp\/v2\/posts"}],"about":[{"href":"https:\/\/agora.xtec.cat\/esc-tarragona\/wp-json\/wp\/v2\/types\/post"}],"author":[{"embeddable":true,"href":"https:\/\/agora.xtec.cat\/esc-tarragona\/wp-json\/wp\/v2\/users\/11"}],"replies":[{"embeddable":true,"href":"https:\/\/agora.xtec.cat\/esc-tarragona\/wp-json\/wp\/v2\/comments?post=4948"}],"version-history":[{"count":1,"href":"https:\/\/agora.xtec.cat\/esc-tarragona\/wp-json\/wp\/v2\/posts\/4948\/revisions"}],"predecessor-version":[{"id":4950,"href":"https:\/\/agora.xtec.cat\/esc-tarragona\/wp-json\/wp\/v2\/posts\/4948\/revisions\/4950"}],"wp:featuredmedia":[{"embeddable":true,"href":"https:\/\/agora.xtec.cat\/esc-tarragona\/wp-json\/wp\/v2\/media\/4949"}],"wp:attachment":[{"href":"https:\/\/agora.xtec.cat\/esc-tarragona\/wp-json\/wp\/v2\/media?parent=4948"}],"wp:term":[{"taxonomy":"category","embeddable":true,"href":"https:\/\/agora.xtec.cat\/esc-tarragona\/wp-json\/wp\/v2\/categories?post=4948"},{"taxonomy":"post_tag","embeddable":true,"href":"https:\/\/agora.xtec.cat\/esc-tarragona\/wp-json\/wp\/v2\/tags?post=4948"}],"curies":[{"name":"wp","href":"https:\/\/api.w.org\/{rel}","templated":true}]}}