{"id":4829,"date":"2022-10-26T09:27:37","date_gmt":"2022-10-26T07:27:37","guid":{"rendered":"https:\/\/agora.xtec.cat\/esc-tarragona\/?p=4829"},"modified":"2022-10-26T19:54:56","modified_gmt":"2022-10-26T17:54:56","slug":"dimecres-de-fruita","status":"publish","type":"post","link":"https:\/\/agora.xtec.cat\/esc-tarragona\/general\/dimecres-de-fruita\/","title":{"rendered":"Dimecres de fruita!"},"content":{"rendered":"<p>Com ja sabeu, el dimecres \u00e9s el dia de la fruita a l&#8217;Escola Tarragona. Tots plegats hem de seguir un estil de vida saludable i hem de ser conscients de la import\u00e0ncia d&#8217;ingerir fruites i verdures de manera habitual. Aquesta \u00e9s la can\u00e7\u00f3 que tots\/es cantarem el dimecres per recordar que \u00e9s el dia assenyalat per menjar aliments amb tantes vitamines.<\/p>\n<!--[if lt IE 9]><script>document.createElement('audio');<\/script><![endif]-->\n<audio class=\"wp-audio-shortcode\" id=\"audio-4829-1\" preload=\"none\" style=\"width: 100%;\" controls=\"controls\"><source type=\"audio\/mpeg\" src=\"https:\/\/agora.xtec.cat\/esc-tarragona\/wp-content\/uploads\/usu827\/2022\/10\/Canco-Fruites-megafonia-dia-de-la-fruita.mp3?_=1\" \/><a href=\"https:\/\/agora.xtec.cat\/esc-tarragona\/wp-content\/uploads\/usu827\/2022\/10\/Canco-Fruites-megafonia-dia-de-la-fruita.mp3\">https:\/\/agora.xtec.cat\/esc-tarragona\/wp-content\/uploads\/usu827\/2022\/10\/Canco-Fruites-megafonia-dia-de-la-fruita.mp3<\/a><\/audio>\n","protected":false},"excerpt":{"rendered":"<p>Com ja sabeu, el dimecres \u00e9s el dia de la fruita a l&#8217;Escola Tarragona. Tots plegats hem de seguir un estil de vida saludable i hem de ser conscients de la import\u00e0ncia d&#8217;ingerir fruites i verdures de manera habitual. Aquesta \u00e9s la can\u00e7\u00f3 que tots\/es&hellip;  <a href=\"https:\/\/agora.xtec.cat\/esc-tarragona\/general\/dimecres-de-fruita\/\" title=\"Read Dimecres de fruita!\">Llegeix m\u00e9s\u00bb<\/a><\/p>\n","protected":false},"author":11,"featured_media":0,"comment_status":"closed","ping_status":"closed","sticky":false,"template":"","format":"standard","meta":{"_bbp_topic_count":0,"_bbp_reply_count":0,"_bbp_total_topic_count":0,"_bbp_total_reply_count":0,"_bbp_voice_count":0,"_bbp_anonymous_reply_count":0,"_bbp_topic_count_hidden":0,"_bbp_reply_count_hidden":0,"_bbp_forum_subforum_count":0,"footnotes":""},"categories":[2,5,1,59,4],"tags":[],"class_list":["post-4829","post","type-post","status-publish","format-standard","hentry","category-infantil","category-primaria","category-general","category-musica","category-portada"],"post_mailing_queue_ids":[],"_links":{"self":[{"href":"https:\/\/agora.xtec.cat\/esc-tarragona\/wp-json\/wp\/v2\/posts\/4829","targetHints":{"allow":["GET"]}}],"collection":[{"href":"https:\/\/agora.xtec.cat\/esc-tarragona\/wp-json\/wp\/v2\/posts"}],"about":[{"href":"https:\/\/agora.xtec.cat\/esc-tarragona\/wp-json\/wp\/v2\/types\/post"}],"author":[{"embeddable":true,"href":"https:\/\/agora.xtec.cat\/esc-tarragona\/wp-json\/wp\/v2\/users\/11"}],"replies":[{"embeddable":true,"href":"https:\/\/agora.xtec.cat\/esc-tarragona\/wp-json\/wp\/v2\/comments?post=4829"}],"version-history":[{"count":3,"href":"https:\/\/agora.xtec.cat\/esc-tarragona\/wp-json\/wp\/v2\/posts\/4829\/revisions"}],"predecessor-version":[{"id":4835,"href":"https:\/\/agora.xtec.cat\/esc-tarragona\/wp-json\/wp\/v2\/posts\/4829\/revisions\/4835"}],"wp:attachment":[{"href":"https:\/\/agora.xtec.cat\/esc-tarragona\/wp-json\/wp\/v2\/media?parent=4829"}],"wp:term":[{"taxonomy":"category","embeddable":true,"href":"https:\/\/agora.xtec.cat\/esc-tarragona\/wp-json\/wp\/v2\/categories?post=4829"},{"taxonomy":"post_tag","embeddable":true,"href":"https:\/\/agora.xtec.cat\/esc-tarragona\/wp-json\/wp\/v2\/tags?post=4829"}],"curies":[{"name":"wp","href":"https:\/\/api.w.org\/{rel}","templated":true}]}}